{"id":12079,"date":"2021-01-13T16:52:40","date_gmt":"2021-01-13T16:52:40","guid":{"rendered":"https:\/\/oparanews.com.br\/?p=12079"},"modified":"2021-01-13T16:52:40","modified_gmt":"2021-01-13T16:52:40","slug":"estado-garante-seringas-e-agulhas-para-apoiar-a-vacinacao-em-todos-os-municipios-de-al","status":"publish","type":"post","link":"https:\/\/www.oparanews.com.br\/index.php\/2021\/01\/13\/estado-garante-seringas-e-agulhas-para-apoiar-a-vacinacao-em-todos-os-municipios-de-al\/","title":{"rendered":"Estado garante seringas e agulhas para apoiar a vacina\u00e7\u00e3o em todos os munic\u00edpios de AL"},"content":{"rendered":"<p>Para evitar qualquer descontinuidade na vacina\u00e7\u00e3o contra a Covid-19, o Estado de Alagoas se antecipou e j\u00e1 adquiriu seringas e agulhas para garantir o abastecimento dos munic\u00edpios que n\u00e3o tiverem insumos suficientes. Na manh\u00e3 desta quarta-feira (13), o governador Renan Filho e o secret\u00e1rio da Sa\u00fade, Alexandre Ayres, visitaram o estoque de seringas, na sede do Programa Nacional de Imuniza\u00e7\u00e3o, em Macei\u00f3.<\/p>\n<p>\u201cO Estado tem condi\u00e7\u00e3o de garantir seringas para todos os munic\u00edpios que n\u00e3o tiverem. Aqueles que tiverem e puderem somar esfor\u00e7os conosco, utilizaremos juntos os nossos estoques. Mas, para aqueles que n\u00e3o t\u00eam, o Estado adquiriu seringas para todo mundo e esperamos que tenhamos a vacina o quanto antes para termos um plano de vacina\u00e7\u00e3o bem sucedido em Alagoas\u201d, anunciou o governador. \u201cEstamos nos preparando para n\u00e3o haver descontinuidade, caso os munic\u00edpios tenham algum problema\u201d.<\/p>\n<p>A responsabilidade de distribui\u00e7\u00e3o de insumos \u00e9 do governo federal, por meio do Minist\u00e9rio da Sa\u00fade, mas o Governo do Estado preferiu se antecipar assim que as vacinas avan\u00e7aram em todo o mundo, como explicou o secret\u00e1rio da Sa\u00fade, Alexandre Ayres: \u201cComo tivemos muita dificuldade com a aquisi\u00e7\u00e3o de respiradores, l\u00e1 atr\u00e1s, decidimos organizar os nossos insumos o quanto antes\u201d.<\/p>\n<p>No estoque estadual, j\u00e1 h\u00e1 em torno de 1 milh\u00e3o e 250 mil unidades de seringas e agulhas destinadas \u00e0 imuniza\u00e7\u00e3o contra o novo coronav\u00edrus, de acordo com Ayres. \u201cE estamos recebendo um novo carregamento nos pr\u00f3ximos dias, para apoiar os munic\u00edpios de Alagoas\u201d, complementou.<\/p>\n<p>Segundo o governador Renan Filho, o Governo est\u00e1 preparado para distribuir as vacinas a todas as regi\u00f5es do estado em 24h ap\u00f3s seu recebimento. \u201cAlagoas \u00e9 um estado relativamente pequeno, o que vai facilitar o Plano Estadual de Vacina\u00e7\u00e3o\u201d, disse.<\/p>\n<p>Ele lembrou que a prioridade inicial na imuniza\u00e7\u00e3o ser\u00e1 dos profissionais de sa\u00fade, seguidos pelas pessoas com mais 60 anos e pessoas com comorbidades, mas afirmou que o Governo est\u00e1 avaliando, por conta do retorno das aulas presenciais, priorizar tamb\u00e9m a vacina\u00e7\u00e3o dos profissionais de educa\u00e7\u00e3o.<\/p>\n<p>O governador fez, ainda, um apelo para que a popula\u00e7\u00e3o &#8211; principalmente os que est\u00e3o nos grupos de risco &#8211; mantenha as medidas de preven\u00e7\u00e3o enquanto espera pela vacina\u00e7\u00e3o. \u201cA gente j\u00e1 est\u00e1 muito pr\u00f3ximo da vacina. Essas pessoas, especialmente idosos, com comorbidade e profissionais de sa\u00fade, t\u00eam que sustentar um pouco a intera\u00e7\u00e3o social, manter o distanciamento, a higiene e, sobretudo, usar m\u00e1scara em todos os momentos fora de casa para n\u00e3o adoecer agora\u201d, alertou.<\/p>\n<p>\u201cTivemos aproximadamente 60 mortes na semana passada, depois de ficar muitas semanas com 10 a 15 mortes, mas lembro que no passado j\u00e1 chegamos a ter 225 mortes em uma semana. Ainda n\u00e3o estamos pr\u00f3ximo do que foi no pico, mas 60 mortes \u00e9 muito representativo e s\u00e3o perdas muito significativas para as fam\u00edlias de Alagoas\u201d, lamentou.<\/p>\n<p>Na visita, governador e secret\u00e1rio tamb\u00e9m inspecionaram os 50 novos respiradores e monitores enviados pelo Minist\u00e9rio da Sa\u00fade ao Estado esta semana.<\/p>\n<p>Urg\u00eancia em vacinar &#8211; Diante da alta de \u00f3bitos registrada em todo o mundo nas \u00faltimas semanas, o governador Renan Filho destacou a urg\u00eancia em dar in\u00edcio \u00e0 vacina\u00e7\u00e3o, o que depende do envio dos imunizantes pelo Minist\u00e9rio da Sa\u00fade.<\/p>\n<p>\u201cA gente espera que, o quanto antes, o pa\u00eds tenha vacina. O mundo bateu um recorde de mortes ontem por Covid-19, com mais de 17 mil \u00f3bitos. O Brasil vem tamb\u00e9m com uma crescente de \u00f3bitos. Os Estados Unidos, que j\u00e1 vacinaram mais de 8 milh\u00f5es de pessoas, mesmo assim est\u00e3o batendo recorde de mortes. Por isso \u00e9 fundamental a amplitude da vacina, e Iniciar a vacina\u00e7\u00e3o para que, o quanto antes, a gente vacine o maior n\u00famero de pessoas e veja reduzir o n\u00famero de mortes e interna\u00e7\u00f5es em Alagoas\u201d, afirmou.<\/p>\n<p>Amplia\u00e7\u00e3o de leitos &#8211; O secret\u00e1rio da Sa\u00fade destacou que o Governo avalia a amplia\u00e7\u00e3o de leitos hospitalares, em fun\u00e7\u00e3o do crescimento no n\u00famero de mortes observado nos \u00faltimos dias.<\/p>\n<p>\u201cAcompanhamos a crescida na ocupa\u00e7\u00e3o de leitos e estamos conversando com o Gabinete de Crise e o governador para ampliar o n\u00famero de leitos dispon\u00edveis. Temos hoje 700 leitos, mas lembro a voc\u00eas que j\u00e1 tivemos 1.300 no auge da pandemia. Ent\u00e3o temos capacidade organizacional para ampliar e garantir a interna\u00e7\u00e3o da popula\u00e7\u00e3o\u201d, finalizou.<\/p>\n<p>&nbsp;<\/p>\n<p><strong>Fonte: Ag\u00eancia Alagoas<\/strong><\/p>\n<p>&nbsp;<\/p>\n","protected":false},"excerpt":{"rendered":"<p>Para evitar qualquer descontinuidade na vacina\u00e7\u00e3o contra a Covid-19, o Estado de Alagoas se antecipou e j\u00e1 adquiriu seringas e agulhas para garantir o abastecimento dos munic\u00edpios que n\u00e3o tiverem insumos suficientes. Na manh\u00e3 desta quarta-feira (13), o governador Renan Filho e o secret\u00e1rio da Sa\u00fade, Alexandre Ayres, visitaram o estoque de seringas, na sede &hellip;<\/p>\n","protected":false},"author":1,"featured_media":12080,"comment_status":"closed","ping_status":"closed","sticky":false,"template":"","format":"standard","meta":{"_jetpack_newsletter_access":"","_jetpack_dont_email_post_to_subs":false,"_jetpack_newsletter_tier_id":0,"_jetpack_memberships_contains_paywalled_content":false,"_jetpack_memberships_contains_paid_content":false,"footnotes":""},"categories":[1],"tags":[],"class_list":["post-12079","post","type-post","status-publish","format-standard","has-post-thumbnail","hentry","category-destaque"],"jetpack_sharing_enabled":true,"jetpack_featured_media_url":"","_links":{"self":[{"href":"https:\/\/www.oparanews.com.br\/index.php\/wp-json\/wp\/v2\/posts\/12079","targetHints":{"allow":["GET"]}}],"collection":[{"href":"https:\/\/www.oparanews.com.br\/index.php\/wp-json\/wp\/v2\/posts"}],"about":[{"href":"https:\/\/www.oparanews.com.br\/index.php\/wp-json\/wp\/v2\/types\/post"}],"author":[{"embeddable":true,"href":"https:\/\/www.oparanews.com.br\/index.php\/wp-json\/wp\/v2\/users\/1"}],"replies":[{"embeddable":true,"href":"https:\/\/www.oparanews.com.br\/index.php\/wp-json\/wp\/v2\/comments?post=12079"}],"version-history":[{"count":0,"href":"https:\/\/www.oparanews.com.br\/index.php\/wp-json\/wp\/v2\/posts\/12079\/revisions"}],"wp:attachment":[{"href":"https:\/\/www.oparanews.com.br\/index.php\/wp-json\/wp\/v2\/media?parent=12079"}],"wp:term":[{"taxonomy":"category","embeddable":true,"href":"https:\/\/www.oparanews.com.br\/index.php\/wp-json\/wp\/v2\/categories?post=12079"},{"taxonomy":"post_tag","embeddable":true,"href":"https:\/\/www.oparanews.com.br\/index.php\/wp-json\/wp\/v2\/tags?post=12079"}],"curies":[{"name":"wp","href":"https:\/\/api.w.org\/{rel}","templated":true}]}}