{"id":12082,"date":"2021-01-13T16:54:07","date_gmt":"2021-01-13T16:54:07","guid":{"rendered":"https:\/\/oparanews.com.br\/?p=12082"},"modified":"2021-01-13T16:54:07","modified_gmt":"2021-01-13T16:54:07","slug":"secretaria-de-saude-de-penedo-apresenta-plano-de-imunizacao-contra-covid-19","status":"publish","type":"post","link":"https:\/\/www.oparanews.com.br\/index.php\/2021\/01\/13\/secretaria-de-saude-de-penedo-apresenta-plano-de-imunizacao-contra-covid-19\/","title":{"rendered":"Secretaria de Sa\u00fade de Penedo apresenta Plano de Imuniza\u00e7\u00e3o contra Covid-19"},"content":{"rendered":"<p>A Secretaria de Sa\u00fade de Penedo apresentou ao Prefeito Ronaldo Lopes o Plano Municipal de Operacionaliza\u00e7\u00e3o da Vacina\u00e7\u00e3o Contra a Covid-19, um planejamento detalhado de como ser\u00e1 o processo de imuniza\u00e7\u00e3o contra o coronav\u00edrus na cidade.<\/p>\n<p>Com essa medida, Penedo se torna pioneira entre os 102 munic\u00edpios alagoanos, ao descrever todos os requisitos necess\u00e1rios para realizar uma campanha de vacina\u00e7\u00e3o com sucesso, de forma eficiente e segura.<\/p>\n<p>Al\u00e9m da reuni\u00e3o realizada nesta ter\u00e7a-feira, 12, o Prefeito Ronaldo Lopes visitou a Farm\u00e1cia Central da Secretaria Municipal de Sa\u00fade (SEMS) para conferir os equipamentos de suporta para a campanha de vacina\u00e7\u00e3o.<\/p>\n<p>O Secret\u00e1rio de Sa\u00fade Guilherme Lopes informa que Penedo conta com um estoque de mais de 14 mil seringas e disp\u00f5e de c\u00e2maras de refrigera\u00e7\u00e3o para armazenar as doses da vacina, na temperatura adequada, e equipadas com gerador de energia.<\/p>\n<p>\u2018\u2019Nossa cidade j\u00e1 est\u00e1 totalmente preparada para vacinar os penedenses com esse plano. Parabenizo a equipe da nossa Secretaria de Sa\u00fade por sair na frente, fazendo acontecer e se antecipando, enquanto aguarda a libera\u00e7\u00e3o e o envio da vacina\u2019\u2019, destaca Ronaldo Lopes.<\/p>\n<p>Para agilizar ainda mais o processo, a SEMS Penedo formalizou termo de inten\u00e7\u00e3o de compra a ser enviado ao Instituto Butantan, solicitando a aquisi\u00e7\u00e3o de 100 mil doses da Coronavac, caso ela n\u00e3o seja distribu\u00edda pelo Governo Federal.<\/p>\n<p>\u2018\u2019Com planejamento e muito trabalho, estamos nos antecipando para que assim que a vacina for liberada, possamos de imediato come\u00e7ar a atender a popula\u00e7\u00e3o penedense\u2019\u2019, afirma Guilherme Lopes.<\/p>\n<p>&nbsp;<\/p>\n<p><strong>Fonte: Decom &#8211; PMP<\/strong><\/p>\n<p>&nbsp;<\/p>\n","protected":false},"excerpt":{"rendered":"<p>A Secretaria de Sa\u00fade de Penedo apresentou ao Prefeito Ronaldo Lopes o Plano Municipal de Operacionaliza\u00e7\u00e3o da Vacina\u00e7\u00e3o Contra a Covid-19, um planejamento detalhado de como ser\u00e1 o processo de imuniza\u00e7\u00e3o contra o coronav\u00edrus na cidade. Com essa medida, Penedo se torna pioneira entre os 102 munic\u00edpios alagoanos, ao descrever todos os requisitos necess\u00e1rios para &hellip;<\/p>\n","protected":false},"author":1,"featured_media":12083,"comment_status":"closed","ping_status":"closed","sticky":false,"template":"","format":"standard","meta":{"_jetpack_newsletter_access":"","_jetpack_dont_email_post_to_subs":false,"_jetpack_newsletter_tier_id":0,"_jetpack_memberships_contains_paywalled_content":false,"_jetpack_memberships_contains_paid_content":false,"footnotes":""},"categories":[1],"tags":[],"class_list":["post-12082","post","type-post","status-publish","format-standard","has-post-thumbnail","hentry","category-destaque"],"jetpack_sharing_enabled":true,"jetpack_featured_media_url":"","_links":{"self":[{"href":"https:\/\/www.oparanews.com.br\/index.php\/wp-json\/wp\/v2\/posts\/12082","targetHints":{"allow":["GET"]}}],"collection":[{"href":"https:\/\/www.oparanews.com.br\/index.php\/wp-json\/wp\/v2\/posts"}],"about":[{"href":"https:\/\/www.oparanews.com.br\/index.php\/wp-json\/wp\/v2\/types\/post"}],"author":[{"embeddable":true,"href":"https:\/\/www.oparanews.com.br\/index.php\/wp-json\/wp\/v2\/users\/1"}],"replies":[{"embeddable":true,"href":"https:\/\/www.oparanews.com.br\/index.php\/wp-json\/wp\/v2\/comments?post=12082"}],"version-history":[{"count":0,"href":"https:\/\/www.oparanews.com.br\/index.php\/wp-json\/wp\/v2\/posts\/12082\/revisions"}],"wp:attachment":[{"href":"https:\/\/www.oparanews.com.br\/index.php\/wp-json\/wp\/v2\/media?parent=12082"}],"wp:term":[{"taxonomy":"category","embeddable":true,"href":"https:\/\/www.oparanews.com.br\/index.php\/wp-json\/wp\/v2\/categories?post=12082"},{"taxonomy":"post_tag","embeddable":true,"href":"https:\/\/www.oparanews.com.br\/index.php\/wp-json\/wp\/v2\/tags?post=12082"}],"curies":[{"name":"wp","href":"https:\/\/api.w.org\/{rel}","templated":true}]}}