{"id":12090,"date":"2021-01-14T19:08:54","date_gmt":"2021-01-14T19:08:54","guid":{"rendered":"https:\/\/oparanews.com.br\/?p=12090"},"modified":"2021-01-14T19:08:54","modified_gmt":"2021-01-14T19:08:54","slug":"secretaria-de-desenvolvimento-economico-de-penedo-elabora-plano-de-acao-com-empresarios","status":"publish","type":"post","link":"https:\/\/www.oparanews.com.br\/index.php\/2021\/01\/14\/secretaria-de-desenvolvimento-economico-de-penedo-elabora-plano-de-acao-com-empresarios\/","title":{"rendered":"Secretaria de Desenvolvimento Econ\u00f4mico de Penedo elabora plano de a\u00e7\u00e3o com empres\u00e1rios"},"content":{"rendered":"<p>A Secretaria Municipal de Desenvolvimento Econ\u00f4mico elabora o planejamento de ac\u0327o\u0303es para gera\u00e7\u00e3o de emprego e renda em Penedo.<\/p>\n<p>O tema foi debatido durante reuni\u00e3o realizada na noite desta quarta-feira, 13, com empres\u00e1rios, empreendedores penedenses e o Secret\u00e1rio de Desenvolvimento Econ\u00f4mico de Penedo, Pedro Soares.<\/p>\n<p>O encontro ocorreu em ambiente virtual, como medida de prote\u00e7\u00e3o a pandemia de Covid-19.<\/p>\n<p>Pedro Soares explica que ocorreram tr\u00eas momentos distintos com microempreendedores individuais, artes\u00e3os e empres\u00e1rios locais, que fizeram diversas sugest\u00f5es a serem inseridas no plano de a\u00e7\u00e3o para o quadri\u00eanio 2021-2024, per\u00edodo em que a cidade ser\u00e1 administrada pelo Prefeito Ronaldo Lopes e o vice Jo\u00e3o Lucas.<\/p>\n<p>\u201cForam feitas diversas sugest\u00f5es por parte dos empreendedores para a elabora\u00e7\u00e3o do plano de a\u00e7\u00e3o para gera\u00e7\u00e3o e emprego e renda em nosso munic\u00edpio. Para isso foram elencados as principais metas, sugest\u00f5es e problemas a serem resolvidos. Tudo isso est\u00e1 sendo alinhado com o Prefeito Ronaldo Lopes e ter\u00e1 seu resultado divulgado ap\u00f3s conclus\u00e3o\u201d, explicou.<\/p>\n<p>O Secret\u00e1rio de Desenvolvimento Econ\u00f4mico de Penedo destaca ainda a import\u00e2ncia de ouvir os anseios da popula\u00e7\u00e3o na busca de solu\u00e7\u00f5es e tamb\u00e9m afirma que os empres\u00e1rios e empreendedores est\u00e3o confiantes na gest\u00e3o e no \u00eaxito das medidas propostas.<\/p>\n<p>&nbsp;<\/p>\n<p><strong>por Thiago Sobral &#8211; Decom (PMP)<\/strong><\/p>\n<p>&nbsp;<\/p>\n","protected":false},"excerpt":{"rendered":"<p>A Secretaria Municipal de Desenvolvimento Econ\u00f4mico elabora o planejamento de ac\u0327o\u0303es para gera\u00e7\u00e3o de emprego e renda em Penedo. O tema foi debatido durante reuni\u00e3o realizada na noite desta quarta-feira, 13, com empres\u00e1rios, empreendedores penedenses e o Secret\u00e1rio de Desenvolvimento Econ\u00f4mico de Penedo, Pedro Soares. O encontro ocorreu em ambiente virtual, como medida de prote\u00e7\u00e3o &hellip;<\/p>\n","protected":false},"author":1,"featured_media":12091,"comment_status":"closed","ping_status":"closed","sticky":false,"template":"","format":"standard","meta":{"_jetpack_newsletter_access":"","_jetpack_dont_email_post_to_subs":false,"_jetpack_newsletter_tier_id":0,"_jetpack_memberships_contains_paywalled_content":false,"_jetpack_memberships_contains_paid_content":false,"footnotes":""},"categories":[1],"tags":[],"class_list":["post-12090","post","type-post","status-publish","format-standard","has-post-thumbnail","hentry","category-destaque"],"jetpack_sharing_enabled":true,"jetpack_featured_media_url":"","_links":{"self":[{"href":"https:\/\/www.oparanews.com.br\/index.php\/wp-json\/wp\/v2\/posts\/12090","targetHints":{"allow":["GET"]}}],"collection":[{"href":"https:\/\/www.oparanews.com.br\/index.php\/wp-json\/wp\/v2\/posts"}],"about":[{"href":"https:\/\/www.oparanews.com.br\/index.php\/wp-json\/wp\/v2\/types\/post"}],"author":[{"embeddable":true,"href":"https:\/\/www.oparanews.com.br\/index.php\/wp-json\/wp\/v2\/users\/1"}],"replies":[{"embeddable":true,"href":"https:\/\/www.oparanews.com.br\/index.php\/wp-json\/wp\/v2\/comments?post=12090"}],"version-history":[{"count":0,"href":"https:\/\/www.oparanews.com.br\/index.php\/wp-json\/wp\/v2\/posts\/12090\/revisions"}],"wp:attachment":[{"href":"https:\/\/www.oparanews.com.br\/index.php\/wp-json\/wp\/v2\/media?parent=12090"}],"wp:term":[{"taxonomy":"category","embeddable":true,"href":"https:\/\/www.oparanews.com.br\/index.php\/wp-json\/wp\/v2\/categories?post=12090"},{"taxonomy":"post_tag","embeddable":true,"href":"https:\/\/www.oparanews.com.br\/index.php\/wp-json\/wp\/v2\/tags?post=12090"}],"curies":[{"name":"wp","href":"https:\/\/api.w.org\/{rel}","templated":true}]}}