{"id":12096,"date":"2021-01-14T19:11:22","date_gmt":"2021-01-14T19:11:22","guid":{"rendered":"https:\/\/oparanews.com.br\/?p=12096"},"modified":"2021-01-14T19:11:22","modified_gmt":"2021-01-14T19:11:22","slug":"covid-19-impede-realizacao-do-carnaval-e-das-previas-em-penedo","status":"publish","type":"post","link":"https:\/\/www.oparanews.com.br\/index.php\/2021\/01\/14\/covid-19-impede-realizacao-do-carnaval-e-das-previas-em-penedo\/","title":{"rendered":"Covid-19 impede realiza\u00e7\u00e3o do carnaval e das pr\u00e9vias em Penedo"},"content":{"rendered":"<p>O carnaval de 2021 ser\u00e1 lembrado como do ano sem folia de rua no Brasil e tamb\u00e9m em Penedo. Este ano, os governos n\u00e3o promover\u00e3o carnaval e nem pr\u00e9vias carnavalescas, devido ao risco de contamina\u00e7\u00e3o por Covid-19.<\/p>\n<p>A medida de preven\u00e7\u00e3o atende o decreto estadual que pro\u00edbe eventos que re\u00fana 300 ou mais pessoas. Al\u00e9m disso, o Minist\u00e9rio P\u00fablico Estadual recomenda que as prefeituras alagoanas n\u00e3o destinem recursos para a realiza\u00e7\u00e3o da folia momesca.<\/p>\n<p>\u201cEstamos num momento em que toda a coletividade precisa se engajar para evitar ainda mais a propaga\u00e7\u00e3o da Covid-19. Ent\u00e3o, como o decreto governamental pro\u00edbe grandes festas, n\u00e3o ser\u00e1 poss\u00edvel aos gestores investirem recursos p\u00fablicos na realiza\u00e7\u00e3o de eventos. Al\u00e9m disso, o dinheiro dever\u00e1 ser aplicado em a\u00e7\u00f5es para proteger a popula\u00e7\u00e3o da pandemia\u201d, justifica M\u00e1rcio Roberto Ten\u00f3rio de Albuquerque, procurador-geral de Justi\u00e7a, por meio da assessoria do MPE\/AL.<\/p>\n<p>Dentre os pontos recomendados, est\u00e1 a absten\u00e7\u00e3o dos gestores para que eles n\u00e3o realizem quaisquer festividades p\u00fablicas pertinentes ao per\u00edodo momesco, determinando o cancelamento de contratos, publica\u00e7\u00e3o de editais ou qualquer tipo de despesa, repasses, patroc\u00ednios ou outras formas de destina\u00e7\u00e3o de recursos p\u00fablicos para tal fim, inclusive contrata\u00e7\u00e3o de shows musicais ou art\u00edsticos, informa o MPE\/AL.<\/p>\n<p>De forma respons\u00e1vel, a Prefeitura de Penedo torna p\u00fablico que n\u00e3o promover\u00e1 e n\u00e3o poder\u00e1 apoiar os festejos tradicionais.<\/p>\n<p>\u201cVamos nos prevenir para que nada aconte\u00e7a com a popula\u00e7\u00e3o devido a pandemia do coronav\u00edrus. Vamos nos cuidar e preservar para que novos casos que n\u00e3o venham acontecer\u201d, acrescenta a Secret\u00e1ria Municipal de Cultura, Esporte, Lazer e Juventude (SEMCLEJ), Aliny Costa.<\/p>\n<p>&nbsp;<\/p>\n<p><strong>por Fernando Vin\u00edcius &#8211; Decom (PMP)<\/strong><\/p>\n<p>&nbsp;<\/p>\n","protected":false},"excerpt":{"rendered":"<p>O carnaval de 2021 ser\u00e1 lembrado como do ano sem folia de rua no Brasil e tamb\u00e9m em Penedo. Este ano, os governos n\u00e3o promover\u00e3o carnaval e nem pr\u00e9vias carnavalescas, devido ao risco de contamina\u00e7\u00e3o por Covid-19. A medida de preven\u00e7\u00e3o atende o decreto estadual que pro\u00edbe eventos que re\u00fana 300 ou mais pessoas. Al\u00e9m &hellip;<\/p>\n","protected":false},"author":1,"featured_media":12097,"comment_status":"closed","ping_status":"closed","sticky":false,"template":"","format":"standard","meta":{"_jetpack_newsletter_access":"","_jetpack_dont_email_post_to_subs":false,"_jetpack_newsletter_tier_id":0,"_jetpack_memberships_contains_paywalled_content":false,"_jetpack_memberships_contains_paid_content":false,"footnotes":""},"categories":[1],"tags":[],"class_list":["post-12096","post","type-post","status-publish","format-standard","has-post-thumbnail","hentry","category-destaque"],"jetpack_sharing_enabled":true,"jetpack_featured_media_url":"","_links":{"self":[{"href":"https:\/\/www.oparanews.com.br\/index.php\/wp-json\/wp\/v2\/posts\/12096","targetHints":{"allow":["GET"]}}],"collection":[{"href":"https:\/\/www.oparanews.com.br\/index.php\/wp-json\/wp\/v2\/posts"}],"about":[{"href":"https:\/\/www.oparanews.com.br\/index.php\/wp-json\/wp\/v2\/types\/post"}],"author":[{"embeddable":true,"href":"https:\/\/www.oparanews.com.br\/index.php\/wp-json\/wp\/v2\/users\/1"}],"replies":[{"embeddable":true,"href":"https:\/\/www.oparanews.com.br\/index.php\/wp-json\/wp\/v2\/comments?post=12096"}],"version-history":[{"count":0,"href":"https:\/\/www.oparanews.com.br\/index.php\/wp-json\/wp\/v2\/posts\/12096\/revisions"}],"wp:attachment":[{"href":"https:\/\/www.oparanews.com.br\/index.php\/wp-json\/wp\/v2\/media?parent=12096"}],"wp:term":[{"taxonomy":"category","embeddable":true,"href":"https:\/\/www.oparanews.com.br\/index.php\/wp-json\/wp\/v2\/categories?post=12096"},{"taxonomy":"post_tag","embeddable":true,"href":"https:\/\/www.oparanews.com.br\/index.php\/wp-json\/wp\/v2\/tags?post=12096"}],"curies":[{"name":"wp","href":"https:\/\/api.w.org\/{rel}","templated":true}]}}