{"id":12102,"date":"2021-01-14T19:16:14","date_gmt":"2021-01-14T19:16:14","guid":{"rendered":"https:\/\/oparanews.com.br\/?p=12102"},"modified":"2021-01-14T19:16:14","modified_gmt":"2021-01-14T19:16:14","slug":"apos-classificacao-cuca-e-marinho-cobram-salarios-atrasados","status":"publish","type":"post","link":"https:\/\/www.oparanews.com.br\/index.php\/2021\/01\/14\/apos-classificacao-cuca-e-marinho-cobram-salarios-atrasados\/","title":{"rendered":"Ap\u00f3s classifica\u00e7\u00e3o, Cuca e Marinho cobram sal\u00e1rios atrasados"},"content":{"rendered":"<p>Mesmo com tr\u00eas presidentes e uma temporada muito conturbada politicamente, o Santos est\u00e1 na final da Copa Libertadores da Am\u00e9rica. Na entrevista coletiva depois da classifica\u00e7\u00e3o contra o Boca Juniors, o t\u00e9cnico Cuca citou os tr\u00eas mandat\u00e1rios do per\u00edodo e cobrou o pagamento de sal\u00e1rios atrasados.<\/p>\n<p>&#8220;Gosto do Peres, do Rollo, do Rueda. Mas a gente necessita do pagamento em dia. Temos que pagar nossas contas em dia tamb\u00e9m, e nem todos t\u00eam condi\u00e7\u00e3o extra. Alguns meninos t\u00eam mais necessidade. Nova diretoria far\u00e1 o poss\u00edvel para colocar Santos em ordem fora de campo&#8221;, afirmou o treinador.<\/p>\n<p>&#8220;Dentro est\u00e1 em ordem. Se organizar fora, d\u00e1 para fazer grandes campeonatos nos tr\u00eas anos de Rueda&#8221;, analisou.<\/p>\n<p>Marinho foi outro que cobrou sal\u00e1rios atrasados logo depois da partida. O atacante fazia uma live no instagram e questionou o superintendente de esportes, Felipe Ximenes, sobre quando ser\u00e1 o pagamento.<\/p>\n<p>&#8220;Dentro est\u00e1 em ordem. Se organizar fora, d\u00e1 para fazer grandes campeonatos nos tr\u00eas anos de Rueda&#8221;, analisou.<\/p>\n<p>Marinho foi outro que cobrou sal\u00e1rios atrasados logo depois da partida. O atacante fazia uma live no instagram e questionou o superintendente de esportes, Felipe Ximenes, sobre quando ser\u00e1 o pagamento.<\/p>\n<p>&#8220;Aproveitando, quando voc\u00eas v\u00e3o pagar a gente?&#8221;. Ximenes respondeu: &#8220;Amanh\u00e3&#8221;.<\/p>\n<p>&nbsp;<\/p>\n<p><strong>Fonte: Terra<\/strong><\/p>\n<p>&nbsp;<\/p>\n","protected":false},"excerpt":{"rendered":"<p>Mesmo com tr\u00eas presidentes e uma temporada muito conturbada politicamente, o Santos est\u00e1 na final da Copa Libertadores da Am\u00e9rica. Na entrevista coletiva depois da classifica\u00e7\u00e3o contra o Boca Juniors, o t\u00e9cnico Cuca citou os tr\u00eas mandat\u00e1rios do per\u00edodo e cobrou o pagamento de sal\u00e1rios atrasados. &#8220;Gosto do Peres, do Rollo, do Rueda. Mas a &hellip;<\/p>\n","protected":false},"author":1,"featured_media":12103,"comment_status":"closed","ping_status":"closed","sticky":false,"template":"","format":"standard","meta":{"_jetpack_newsletter_access":"","_jetpack_dont_email_post_to_subs":false,"_jetpack_newsletter_tier_id":0,"_jetpack_memberships_contains_paywalled_content":false,"_jetpack_memberships_contains_paid_content":false,"footnotes":""},"categories":[1],"tags":[],"class_list":["post-12102","post","type-post","status-publish","format-standard","has-post-thumbnail","hentry","category-destaque"],"jetpack_sharing_enabled":true,"jetpack_featured_media_url":"","_links":{"self":[{"href":"https:\/\/www.oparanews.com.br\/index.php\/wp-json\/wp\/v2\/posts\/12102","targetHints":{"allow":["GET"]}}],"collection":[{"href":"https:\/\/www.oparanews.com.br\/index.php\/wp-json\/wp\/v2\/posts"}],"about":[{"href":"https:\/\/www.oparanews.com.br\/index.php\/wp-json\/wp\/v2\/types\/post"}],"author":[{"embeddable":true,"href":"https:\/\/www.oparanews.com.br\/index.php\/wp-json\/wp\/v2\/users\/1"}],"replies":[{"embeddable":true,"href":"https:\/\/www.oparanews.com.br\/index.php\/wp-json\/wp\/v2\/comments?post=12102"}],"version-history":[{"count":0,"href":"https:\/\/www.oparanews.com.br\/index.php\/wp-json\/wp\/v2\/posts\/12102\/revisions"}],"wp:attachment":[{"href":"https:\/\/www.oparanews.com.br\/index.php\/wp-json\/wp\/v2\/media?parent=12102"}],"wp:term":[{"taxonomy":"category","embeddable":true,"href":"https:\/\/www.oparanews.com.br\/index.php\/wp-json\/wp\/v2\/categories?post=12102"},{"taxonomy":"post_tag","embeddable":true,"href":"https:\/\/www.oparanews.com.br\/index.php\/wp-json\/wp\/v2\/tags?post=12102"}],"curies":[{"name":"wp","href":"https:\/\/api.w.org\/{rel}","templated":true}]}}