{"id":12108,"date":"2021-01-14T19:20:49","date_gmt":"2021-01-14T19:20:49","guid":{"rendered":"https:\/\/oparanews.com.br\/?p=12108"},"modified":"2021-01-14T19:20:49","modified_gmt":"2021-01-14T19:20:49","slug":"pazuello-anuncia-a-prefeitos-dia-20-para-vacinacao","status":"publish","type":"post","link":"https:\/\/www.oparanews.com.br\/index.php\/2021\/01\/14\/pazuello-anuncia-a-prefeitos-dia-20-para-vacinacao\/","title":{"rendered":"Pazuello anuncia a prefeitos dia 20 para vacina\u00e7\u00e3o"},"content":{"rendered":"<p>Ap\u00f3s uma reuni\u00e3o com o Minist\u00e9rio da Sa\u00fade nesta quinta-feira (14), prefeitos disseram que, de acordo com o ministro Eduardo Pazuello, a vacina\u00e7\u00e3o contra a Covid-19 come\u00e7ar\u00e1 em todo o pa\u00eds na quarta-feira (20) da semana que vem. A data depende de a Ag\u00eancia Nacional de Vigil\u00e2ncia Sanit\u00e1ria (Anvisa) liberar o uso emergencial das vacinas Coronovac e Astrazeneca. A decis\u00e3o da Anvisa sai no domingo (17).<\/p>\n<p>&#8220;De acordo com @ministropazuelo, pr\u00f3xima segunda chegam as 2 milh\u00f5es de doses da Astrazeneca para estados. H\u00e1 tamb\u00e9m as 6 milh\u00f5es da Coronavac. Anvisa liberando domingo, distribuem na ter\u00e7a para iniciar na quarta, dia 20. Ou seja: 8 milh\u00f5es de doses para janeiro&#8221;, escreveu o prefeito de Florian\u00f3polis, Gean Loureiro (DEM), em uma rede social.<\/p>\n<p>Algumas outras prefeituras que sa\u00edram da reuni\u00e3o informando que o governo marcou a data do dia 20 foram as de: Salvador, Curitiba, Cuiab\u00e1, Maring\u00e1, Ribeir\u00e3o Preto, Aracaju e Arauc\u00e1ria (PR).<\/p>\n<p>&#8220;Em Curitiba, vamos vacinar primeiro os grupos priorit\u00e1rios. Os 70 mil profissionais de sa\u00fade, e todos os idosos de Curitiba, que s\u00e3o perto de 300 mil pessoas&#8221;, afirmou o prefeito Rafael Greca (DEM). &#8220;Ser\u00e1 em 20 de janeiro&#8221;.<\/p>\n<p>Procurado pelo G1, o Minist\u00e9rio da Sa\u00fade ainda n\u00e3o confirmou a data. Pazuello recebeu mais de 130 prefeitos. A maioria participou virtualmente.<\/p>\n<p>O presidente da Frente Nacional dos Prefeitos, Jonas Donizete, ex-prefeito de Campinas, afirmou que eventual atraso no voo que vai buscar doses de vacina na \u00cdndia pode alterar a data.<\/p>\n<p>&#8220;Embora tenha sido mencionado a data do dia 20, \u00e0s 10h da manh\u00e3, essa data est\u00e1 pendente deste dois fatores: da log\u00edstica de voo e da aprova\u00e7\u00e3o da Anvisa&#8221;, afirmou.<\/p>\n<p><strong>5 milh\u00f5es de vacinados<\/strong><\/p>\n<p>Donizette explicou que cinco milh\u00f5es de brasileiros ser\u00e3o vacinados neste primeiro momento, de acordo com a explica\u00e7\u00e3o dada pelo minist\u00e9rio.<\/p>\n<p>Desses, dois milh\u00f5es receber\u00e3o a primeira dose da vacina da farmac\u00eautica Astrazeneca, produzida pela Fiocruz. Outras tr\u00eas milh\u00f5es de pessoas receber\u00e3o duas doses da vacina Coronavac, produzida pelo instituto Butantan. A primeira na semana que vem e a segunda 21 dias depois.<\/p>\n<p>\u201cS\u00e3o 2 milh\u00f5es da Astrazeneca e dois milh\u00f5es de brasileiros vacinados. A Coronavac, tem mais produzidas, mas o pedido de autoriza\u00e7\u00e3o emergencial foi para 6 milh\u00f5es de doses. Na Coronavac, as prefeituras receber\u00e3o as doses, mas se receber mil doses, vai aplicar 500 e guardar as outras 500 porque depois de 21 dias vai ter que aplicar a segunda dose\u201d, explicou.<\/p>\n<p>Ele ressaltou, como j\u00e1 vinha dizendo o governo, que alguns grupos ser\u00e3o priorit\u00e1rios no in\u00edcio da vacina\u00e7\u00e3o.<\/p>\n<p>\u201cN\u00e3o \u00e9 verdade que ser\u00e3o apenas capitais. As vacinas ser\u00e3o distribu\u00eddas com tr\u00eas crit\u00e9rios. Primeiro idosos em institui\u00e7\u00f5es de longa perman\u00eancia. A segunda [fase], devem ser imunizados 70% dos profissionais de sa\u00fade que trabalham na linha de frente. E os prefeitos pediram profissionais da educa\u00e7\u00e3o. Eles devem receber at\u00e9 abril\u201d, afirmou.<\/p>\n<p><strong>Doses<\/strong><\/p>\n<p>A Frente Nacional dos Prefeitos disse ainda que, na reuni\u00e3o, Pazuello apresentou a seguinte previs\u00e3o de quantas doses de vacina o pa\u00eds ter\u00e1 nos pr\u00f3ximos meses. O valor \u00e9 cumulativo, ou seja, a quantidade dos meses anteriores tamb\u00e9m \u00e9 contabilizada nos seguintes:<\/p>\n<p>Janeiro: 8 milh\u00f5es<br \/>\nFevereiro: 30 milh\u00f5es<br \/>\nAbril: 80 milh\u00f5es<\/p>\n<p><strong>Equipamento<\/strong><\/p>\n<p>Jonas Donizete tamb\u00e9m disse que a maioria das cidades tem quantidade suficiente de agulhas e seringas para iniciar a vacina\u00e7\u00e3o.<\/p>\n<p>&#8220;A gente vai passar para o ministro uma ideia de como est\u00e3o as cidades. E para isso eu fiz uma conversa antes com os prefeitos. A not\u00edcia boa para a popula\u00e7\u00e3o \u00e9 que a maioria das cidades est\u00e1 preparada para a vacina\u00e7\u00e3o, com seringas, agulhas\u201d, afirmou.<\/p>\n<p>&nbsp;<\/p>\n<p><strong>Fonte: G1<\/strong><\/p>\n<p>&nbsp;<\/p>\n","protected":false},"excerpt":{"rendered":"<p>Ap\u00f3s uma reuni\u00e3o com o Minist\u00e9rio da Sa\u00fade nesta quinta-feira (14), prefeitos disseram que, de acordo com o ministro Eduardo Pazuello, a vacina\u00e7\u00e3o contra a Covid-19 come\u00e7ar\u00e1 em todo o pa\u00eds na quarta-feira (20) da semana que vem. A data depende de a Ag\u00eancia Nacional de Vigil\u00e2ncia Sanit\u00e1ria (Anvisa) liberar o uso emergencial das vacinas &hellip;<\/p>\n","protected":false},"author":1,"featured_media":12109,"comment_status":"closed","ping_status":"closed","sticky":false,"template":"","format":"standard","meta":{"_jetpack_newsletter_access":"","_jetpack_dont_email_post_to_subs":false,"_jetpack_newsletter_tier_id":0,"_jetpack_memberships_contains_paywalled_content":false,"_jetpack_memberships_contains_paid_content":false,"footnotes":""},"categories":[1],"tags":[],"class_list":["post-12108","post","type-post","status-publish","format-standard","has-post-thumbnail","hentry","category-destaque"],"jetpack_sharing_enabled":true,"jetpack_featured_media_url":"","_links":{"self":[{"href":"https:\/\/www.oparanews.com.br\/index.php\/wp-json\/wp\/v2\/posts\/12108","targetHints":{"allow":["GET"]}}],"collection":[{"href":"https:\/\/www.oparanews.com.br\/index.php\/wp-json\/wp\/v2\/posts"}],"about":[{"href":"https:\/\/www.oparanews.com.br\/index.php\/wp-json\/wp\/v2\/types\/post"}],"author":[{"embeddable":true,"href":"https:\/\/www.oparanews.com.br\/index.php\/wp-json\/wp\/v2\/users\/1"}],"replies":[{"embeddable":true,"href":"https:\/\/www.oparanews.com.br\/index.php\/wp-json\/wp\/v2\/comments?post=12108"}],"version-history":[{"count":0,"href":"https:\/\/www.oparanews.com.br\/index.php\/wp-json\/wp\/v2\/posts\/12108\/revisions"}],"wp:attachment":[{"href":"https:\/\/www.oparanews.com.br\/index.php\/wp-json\/wp\/v2\/media?parent=12108"}],"wp:term":[{"taxonomy":"category","embeddable":true,"href":"https:\/\/www.oparanews.com.br\/index.php\/wp-json\/wp\/v2\/categories?post=12108"},{"taxonomy":"post_tag","embeddable":true,"href":"https:\/\/www.oparanews.com.br\/index.php\/wp-json\/wp\/v2\/tags?post=12108"}],"curies":[{"name":"wp","href":"https:\/\/api.w.org\/{rel}","templated":true}]}}