{"id":12114,"date":"2021-01-15T12:44:41","date_gmt":"2021-01-15T12:44:41","guid":{"rendered":"https:\/\/oparanews.com.br\/?p=12114"},"modified":"2021-01-15T12:44:41","modified_gmt":"2021-01-15T12:44:41","slug":"renan-filho-coloca-35-leitos-a-disposicao-do-governo-do-amazonas-para-pacientes-com-covid-19","status":"publish","type":"post","link":"https:\/\/www.oparanews.com.br\/index.php\/2021\/01\/15\/renan-filho-coloca-35-leitos-a-disposicao-do-governo-do-amazonas-para-pacientes-com-covid-19\/","title":{"rendered":"Renan Filho coloca 35 leitos \u00e0 disposi\u00e7\u00e3o do governo do Amazonas para pacientes com Covid-19"},"content":{"rendered":"<p>O governador Renan Filho (MDB) anunciou, na noite desta quinta-feira (14), que colocou 35 leitos \u00e0 disposi\u00e7\u00e3o do governador do Amazonas, Wilson Lima. Manaus vive uma crise com o avan\u00e7o dos casos de Covid-19. As interna\u00e7\u00f5es bateram recordes e unidades de sa\u00fade ficaram sem oxig\u00eanio. Apesar da oferta, Alagoas n\u00e3o est\u00e1 na primeira lista de estados que v\u00e3o receber pacientes.<\/p>\n<p>&#8220;Falei h\u00e1 pouco com o governador Wilson Lima, do Amazonas, que precisa de ajuda para enfrentar nova onda de Covid-19. Coloquei 35 leitos \u00e0 disposi\u00e7\u00e3o dos amazonenses, 10 de UTI e 25 Cl\u00ednicos. Alagoanos t\u00eam solidariedade e esp\u00edrito colaborativo. Vamos juntos vencer esse v\u00edrus&#8221;, postou Renan Filho em suas redes sociais.<\/p>\n<p>O governador de Alagoas j\u00e1 havia dito, durante entrevista coletiva sobre a amplia\u00e7\u00e3o de leitos para Covid-19 no Hospital da Mulher, que estava avaliando a possibilidade de receber pacientes vindos do Amazonas.<\/p>\n<p>A Secretaria de Comunica\u00e7\u00e3o Social do Amazonas informou ao G1 que o n\u00famero total de pacientes que ser\u00e3o transferidos ainda n\u00e3o est\u00e1 fechado e os t\u00e9cnicos est\u00e3o trabalhando para realizar as transfer\u00eancias j\u00e1 que isso depende da concord\u00e2ncia tanto dos pacientes quanto dos familiares.<\/p>\n<p>Inicialmente, seis estados devem receber 235 pacientes: Goi\u00e1s, Piau\u00ed, Maranh\u00e3o, Bras\u00edlia, Para\u00edba e Rio Grande do Norte.<\/p>\n<p>&nbsp;<\/p>\n<p><strong>Fonte: G1\/AL<\/strong><\/p>\n<p>&nbsp;<\/p>\n","protected":false},"excerpt":{"rendered":"<p>O governador Renan Filho (MDB) anunciou, na noite desta quinta-feira (14), que colocou 35 leitos \u00e0 disposi\u00e7\u00e3o do governador do Amazonas, Wilson Lima. Manaus vive uma crise com o avan\u00e7o dos casos de Covid-19. As interna\u00e7\u00f5es bateram recordes e unidades de sa\u00fade ficaram sem oxig\u00eanio. Apesar da oferta, Alagoas n\u00e3o est\u00e1 na primeira lista de &hellip;<\/p>\n","protected":false},"author":1,"featured_media":12116,"comment_status":"closed","ping_status":"closed","sticky":false,"template":"","format":"standard","meta":{"_jetpack_newsletter_access":"","_jetpack_dont_email_post_to_subs":false,"_jetpack_newsletter_tier_id":0,"_jetpack_memberships_contains_paywalled_content":false,"_jetpack_memberships_contains_paid_content":false,"footnotes":""},"categories":[1],"tags":[],"class_list":["post-12114","post","type-post","status-publish","format-standard","has-post-thumbnail","hentry","category-destaque"],"jetpack_sharing_enabled":true,"jetpack_featured_media_url":"","_links":{"self":[{"href":"https:\/\/www.oparanews.com.br\/index.php\/wp-json\/wp\/v2\/posts\/12114","targetHints":{"allow":["GET"]}}],"collection":[{"href":"https:\/\/www.oparanews.com.br\/index.php\/wp-json\/wp\/v2\/posts"}],"about":[{"href":"https:\/\/www.oparanews.com.br\/index.php\/wp-json\/wp\/v2\/types\/post"}],"author":[{"embeddable":true,"href":"https:\/\/www.oparanews.com.br\/index.php\/wp-json\/wp\/v2\/users\/1"}],"replies":[{"embeddable":true,"href":"https:\/\/www.oparanews.com.br\/index.php\/wp-json\/wp\/v2\/comments?post=12114"}],"version-history":[{"count":0,"href":"https:\/\/www.oparanews.com.br\/index.php\/wp-json\/wp\/v2\/posts\/12114\/revisions"}],"wp:attachment":[{"href":"https:\/\/www.oparanews.com.br\/index.php\/wp-json\/wp\/v2\/media?parent=12114"}],"wp:term":[{"taxonomy":"category","embeddable":true,"href":"https:\/\/www.oparanews.com.br\/index.php\/wp-json\/wp\/v2\/categories?post=12114"},{"taxonomy":"post_tag","embeddable":true,"href":"https:\/\/www.oparanews.com.br\/index.php\/wp-json\/wp\/v2\/tags?post=12114"}],"curies":[{"name":"wp","href":"https:\/\/api.w.org\/{rel}","templated":true}]}}