{"id":12120,"date":"2021-01-15T13:10:11","date_gmt":"2021-01-15T13:10:11","guid":{"rendered":"https:\/\/oparanews.com.br\/?p=12120"},"modified":"2021-01-15T13:10:11","modified_gmt":"2021-01-15T13:10:11","slug":"penedo-ultrapassa-a-marca-de-200-casos-ativos-do-novo-coronavirus","status":"publish","type":"post","link":"https:\/\/www.oparanews.com.br\/index.php\/2021\/01\/15\/penedo-ultrapassa-a-marca-de-200-casos-ativos-do-novo-coronavirus\/","title":{"rendered":"Penedo ultrapassa a marca de 200 casos ativos do novo Coronav\u00edrus"},"content":{"rendered":"<p>A Secretaria Municipal de Sa\u00fade divulgou nesta quarta-feira (14), os dados atualizados sobre a pandemia mundial de Covid-19 no munic\u00edpio.<\/p>\n<p>De acordo com os n\u00fameros, Penedo registra 47 casos monitorados, 04 suspeitos, 1698 descartados e 24 \u00f3bitos provocados pela doen\u00e7a oriunda no novo Coronav\u00edrus.<\/p>\n<p>Al\u00e9m disso, foram registrados desde o inicio da contabiliza\u00e7\u00e3o, 1889 casos confirmados, sendo que 1659 pessoas j\u00e1 est\u00e3o curadas, ap\u00f3s passarem pelos cuidados m\u00e9dicos.<\/p>\n<p><a href=\"https:\/\/oparanews.com.br\/penedo-ultrapassa-a-marca-de-200-casos-ativos-do-novo-coronavirus\/sem-titulo-2211\/\" rel=\"attachment wp-att-12122\"><img loading=\"lazy\" decoding=\"async\" class=\"aligncenter size-full wp-image-12122\" src=\"https:\/\/oparanews.com.br\/wp-content\/uploads\/2021\/01\/Sem-t\u00edtulo-90.jpg\" alt=\"\" width=\"1024\" height=\"1024\" \/><\/a><\/p>\n<p><strong>Localidades<\/strong><\/p>\n<p>Os novos dados sobre a pandemia em Penedo tamb\u00e9m mostram a situa\u00e7\u00e3o da Covid-19 nos bairros e povoados do munic\u00edpio, estando o Bairro Dom Constantino, que engloba diversas localidades da parte alta da cidade na dianteira com 604 casos da doen\u00e7a. Logo em seguida aparece o Bairro Santa Luzia com 320 casos e o centro da cidade com 280ocorr\u00eancias.<\/p>\n<p>J\u00e1 na zona rural o povoado que mais registra casos confirmados \u00e9 Cooperativa, \u00e1rea que inclui os dois n\u00facleos do povoamento com 55 casos, seguido do Povoado tabuleiro dos Negros com 48 e a Palmeira Alta com 36.<\/p>\n<p>&nbsp;<\/p>\n<p><strong>Fonte: Decom &#8211; PMP<\/strong><\/p>\n<p>&nbsp;<\/p>\n","protected":false},"excerpt":{"rendered":"<p>A Secretaria Municipal de Sa\u00fade divulgou nesta quarta-feira (14), os dados atualizados sobre a pandemia mundial de Covid-19 no munic\u00edpio. De acordo com os n\u00fameros, Penedo registra 47 casos monitorados, 04 suspeitos, 1698 descartados e 24 \u00f3bitos provocados pela doen\u00e7a oriunda no novo Coronav\u00edrus. Al\u00e9m disso, foram registrados desde o inicio da contabiliza\u00e7\u00e3o, 1889 casos &hellip;<\/p>\n","protected":false},"author":1,"featured_media":12121,"comment_status":"closed","ping_status":"closed","sticky":false,"template":"","format":"standard","meta":{"_jetpack_newsletter_access":"","_jetpack_dont_email_post_to_subs":false,"_jetpack_newsletter_tier_id":0,"_jetpack_memberships_contains_paywalled_content":false,"_jetpack_memberships_contains_paid_content":false,"footnotes":""},"categories":[1],"tags":[],"class_list":["post-12120","post","type-post","status-publish","format-standard","has-post-thumbnail","hentry","category-destaque"],"jetpack_sharing_enabled":true,"jetpack_featured_media_url":"","_links":{"self":[{"href":"https:\/\/www.oparanews.com.br\/index.php\/wp-json\/wp\/v2\/posts\/12120","targetHints":{"allow":["GET"]}}],"collection":[{"href":"https:\/\/www.oparanews.com.br\/index.php\/wp-json\/wp\/v2\/posts"}],"about":[{"href":"https:\/\/www.oparanews.com.br\/index.php\/wp-json\/wp\/v2\/types\/post"}],"author":[{"embeddable":true,"href":"https:\/\/www.oparanews.com.br\/index.php\/wp-json\/wp\/v2\/users\/1"}],"replies":[{"embeddable":true,"href":"https:\/\/www.oparanews.com.br\/index.php\/wp-json\/wp\/v2\/comments?post=12120"}],"version-history":[{"count":0,"href":"https:\/\/www.oparanews.com.br\/index.php\/wp-json\/wp\/v2\/posts\/12120\/revisions"}],"wp:attachment":[{"href":"https:\/\/www.oparanews.com.br\/index.php\/wp-json\/wp\/v2\/media?parent=12120"}],"wp:term":[{"taxonomy":"category","embeddable":true,"href":"https:\/\/www.oparanews.com.br\/index.php\/wp-json\/wp\/v2\/categories?post=12120"},{"taxonomy":"post_tag","embeddable":true,"href":"https:\/\/www.oparanews.com.br\/index.php\/wp-json\/wp\/v2\/tags?post=12120"}],"curies":[{"name":"wp","href":"https:\/\/api.w.org\/{rel}","templated":true}]}}