{"id":12125,"date":"2021-01-15T19:22:19","date_gmt":"2021-01-15T19:22:19","guid":{"rendered":"https:\/\/oparanews.com.br\/?p=12125"},"modified":"2021-01-15T19:22:19","modified_gmt":"2021-01-15T19:22:19","slug":"confira-o-plano-de-vacinacao-contra-covid-19-de-penedo","status":"publish","type":"post","link":"https:\/\/www.oparanews.com.br\/index.php\/2021\/01\/15\/confira-o-plano-de-vacinacao-contra-covid-19-de-penedo\/","title":{"rendered":"Confira o Plano de Vacina\u00e7\u00e3o contra Covid-19 de Penedo"},"content":{"rendered":"<p>A Prefeitura de Penedo, por meio da Secretaria Municipal de Sa\u00fade (SEMS),publicou no Di\u00e1rio Oficial do Munic\u00edpiodesta sexta-feira (15), o Plano de Operacionaliza\u00e7\u00e3o da Vacina\u00e7\u00e3o Contra Covid-19.<\/p>\n<p>O documento estabelece os procedimentos necess\u00e1rios para imunizar a popula\u00e7\u00e3o do munic\u00edpio, sendo Penedo o primeiro entre os 102 de Alagoas a ter o plano de vacina\u00e7\u00e3o pronto para ser executado, etapa que depende da disponibilidade de vacina no Brasil.<\/p>\n<p><strong>Grupos Priorit\u00e1rios<\/strong><\/p>\n<p>De acordo com o planejamento da Secretaria de Sa\u00fade de Penedo, ser\u00e3o necess\u00e1rio 102.900 doses de vacina para imunizar o p\u00fablico-alvo da campanha que ocorrer\u00e1 em tr\u00eas fases distintas.<\/p>\n<p>A primeira etapa contempla trabalhadores de \u00e1rea da sa\u00fade, pessoas de 75 anos ou mais, e pessoas de 60 anos ou mais acolhidas em casas de abrigo ou para dependentes qu\u00edmicos, como as institui\u00e7\u00f5es penedenses Asilo S\u00e3o Jos\u00e9 ou Bom Samaritano.<\/p>\n<p>A fase inicial do Plano de Imuniza\u00e7\u00e3o da SEMS Penedo contempla ainda a popula\u00e7\u00e3o ind\u00edgena aldeada em terras demarcadas, povo e comunidades tradicionais ribeirinhas.<\/p>\n<p>Posteriormente, a vacina\u00e7\u00e3o ser\u00e1 disponibilizada para pessoas de 60 a 74 anos que n\u00e3o vivem em institui\u00e7\u00f5es de longa perman\u00eancia.<\/p>\n<p>A terceira etapa ser\u00e1 para portadores de\u00a0 Diabete Mellitus; hipertens\u00e3o arterial grave; doen\u00e7a pulmonar obstrutiva cr\u00f4nica; doen\u00e7a renal; doen\u00e7as cardiovasculares; indiv\u00edduos transplantados de \u00f3rg\u00e3os s\u00f3lidos; anemia falciforme; c\u00e2ncer; e obesidade grave.<\/p>\n<p><strong>Cart\u00e3o SUS e documentos<\/strong><\/p>\n<p>Para se vacinar, ser\u00e1 necess\u00e1rio comparecer ao dia e local que ser\u00e1 estabelecido pela SEMS Penedo, munido dos seguintes documentos: Cart\u00e3o SUS, documento oficial com foto e comprova\u00e7\u00e3o que pertence ao respectivo p\u00fablico-alvo.<\/p>\n<p>Os trabalhadores da sa\u00fade tamb\u00e9m dever\u00e3o apresentar, para ser vacinado na primeira fase, documento que comprove v\u00ednculo com empresa prestadora de servi\u00e7os de sa\u00fade (carteira de trabalho, declara\u00e7\u00e3o, carteira do conselho, entre outros).<\/p>\n<p>O Plano de Vacina\u00e7\u00e3o contra Covid-19 de Penedo pode ser acessado por meio do seguinte <strong><a href=\"https:\/\/penedo.al.gov.br\/wp-content\/uploads\/2021\/01\/plano-municipal-de-vacinacao-covid.pdf\">link<\/a><\/strong>.<\/p>\n<p>&nbsp;<\/p>\n<p><strong>por Thiago Sobral &#8211; Decom\/PMP<\/strong><\/p>\n<p>&nbsp;<\/p>\n","protected":false},"excerpt":{"rendered":"<p>A Prefeitura de Penedo, por meio da Secretaria Municipal de Sa\u00fade (SEMS),publicou no Di\u00e1rio Oficial do Munic\u00edpiodesta sexta-feira (15), o Plano de Operacionaliza\u00e7\u00e3o da Vacina\u00e7\u00e3o Contra Covid-19. O documento estabelece os procedimentos necess\u00e1rios para imunizar a popula\u00e7\u00e3o do munic\u00edpio, sendo Penedo o primeiro entre os 102 de Alagoas a ter o plano de vacina\u00e7\u00e3o pronto &hellip;<\/p>\n","protected":false},"author":1,"featured_media":12126,"comment_status":"closed","ping_status":"closed","sticky":false,"template":"","format":"standard","meta":{"_jetpack_newsletter_access":"","_jetpack_dont_email_post_to_subs":false,"_jetpack_newsletter_tier_id":0,"_jetpack_memberships_contains_paywalled_content":false,"_jetpack_memberships_contains_paid_content":false,"footnotes":""},"categories":[1],"tags":[],"class_list":["post-12125","post","type-post","status-publish","format-standard","has-post-thumbnail","hentry","category-destaque"],"jetpack_sharing_enabled":true,"jetpack_featured_media_url":"","_links":{"self":[{"href":"https:\/\/www.oparanews.com.br\/index.php\/wp-json\/wp\/v2\/posts\/12125","targetHints":{"allow":["GET"]}}],"collection":[{"href":"https:\/\/www.oparanews.com.br\/index.php\/wp-json\/wp\/v2\/posts"}],"about":[{"href":"https:\/\/www.oparanews.com.br\/index.php\/wp-json\/wp\/v2\/types\/post"}],"author":[{"embeddable":true,"href":"https:\/\/www.oparanews.com.br\/index.php\/wp-json\/wp\/v2\/users\/1"}],"replies":[{"embeddable":true,"href":"https:\/\/www.oparanews.com.br\/index.php\/wp-json\/wp\/v2\/comments?post=12125"}],"version-history":[{"count":0,"href":"https:\/\/www.oparanews.com.br\/index.php\/wp-json\/wp\/v2\/posts\/12125\/revisions"}],"wp:attachment":[{"href":"https:\/\/www.oparanews.com.br\/index.php\/wp-json\/wp\/v2\/media?parent=12125"}],"wp:term":[{"taxonomy":"category","embeddable":true,"href":"https:\/\/www.oparanews.com.br\/index.php\/wp-json\/wp\/v2\/categories?post=12125"},{"taxonomy":"post_tag","embeddable":true,"href":"https:\/\/www.oparanews.com.br\/index.php\/wp-json\/wp\/v2\/tags?post=12125"}],"curies":[{"name":"wp","href":"https:\/\/api.w.org\/{rel}","templated":true}]}}