{"id":12131,"date":"2021-01-16T13:11:31","date_gmt":"2021-01-16T13:11:31","guid":{"rendered":"https:\/\/oparanews.com.br\/?p=12131"},"modified":"2021-01-16T13:11:31","modified_gmt":"2021-01-16T13:11:31","slug":"com-covid-19-arivaldo-maia-e-entubado-na-uti-de-hospital-em-maceio","status":"publish","type":"post","link":"https:\/\/www.oparanews.com.br\/index.php\/2021\/01\/16\/com-covid-19-arivaldo-maia-e-entubado-na-uti-de-hospital-em-maceio\/","title":{"rendered":"Com Covid-19, Arivaldo Maia \u00e9 entubado na UTI de hospital em Macei\u00f3"},"content":{"rendered":"<p>O jornalista, narrador e cronista esportivo Arivaldo Maia, de 74 anos, precisou ser entubado nesta sexta-feira (15) pelos m\u00e9dicos que cuidam dele na Unidade de Terapia Intensiva (UTI) do Instituto do C\u00e2ncer da MedR\u00e1dius. Ele est\u00e1 internado desde quinta (7), quando foi diagnosticado com a Covid-19.<\/p>\n<p>Segundo o filho, Andr\u00e9 Maia, Arivaldo j\u00e1 vinha fazendo uso de oxig\u00eanio, mas as fun\u00e7\u00f5es respirat\u00f3rias complicaram e foi necess\u00e1rio o procedimento de entuba\u00e7\u00e3o.<\/p>\n<p>Ele estava internado em um apartamento do Hospital Veredas e precisou ser transferido para a Unidade de Terapia Intensiva (UTI) da MedR\u00e1dius.<\/p>\n<p>&nbsp;<\/p>\n<p><strong>Fonte: G1\/AL<\/strong><\/p>\n<p>&nbsp;<\/p>\n","protected":false},"excerpt":{"rendered":"<p>O jornalista, narrador e cronista esportivo Arivaldo Maia, de 74 anos, precisou ser entubado nesta sexta-feira (15) pelos m\u00e9dicos que cuidam dele na Unidade de Terapia Intensiva (UTI) do Instituto do C\u00e2ncer da MedR\u00e1dius. Ele est\u00e1 internado desde quinta (7), quando foi diagnosticado com a Covid-19. Segundo o filho, Andr\u00e9 Maia, Arivaldo j\u00e1 vinha fazendo &hellip;<\/p>\n","protected":false},"author":1,"featured_media":12132,"comment_status":"closed","ping_status":"closed","sticky":false,"template":"","format":"standard","meta":{"_jetpack_newsletter_access":"","_jetpack_dont_email_post_to_subs":false,"_jetpack_newsletter_tier_id":0,"_jetpack_memberships_contains_paywalled_content":false,"_jetpack_memberships_contains_paid_content":false,"footnotes":""},"categories":[1],"tags":[],"class_list":["post-12131","post","type-post","status-publish","format-standard","has-post-thumbnail","hentry","category-destaque"],"jetpack_sharing_enabled":true,"jetpack_featured_media_url":"","_links":{"self":[{"href":"https:\/\/www.oparanews.com.br\/index.php\/wp-json\/wp\/v2\/posts\/12131","targetHints":{"allow":["GET"]}}],"collection":[{"href":"https:\/\/www.oparanews.com.br\/index.php\/wp-json\/wp\/v2\/posts"}],"about":[{"href":"https:\/\/www.oparanews.com.br\/index.php\/wp-json\/wp\/v2\/types\/post"}],"author":[{"embeddable":true,"href":"https:\/\/www.oparanews.com.br\/index.php\/wp-json\/wp\/v2\/users\/1"}],"replies":[{"embeddable":true,"href":"https:\/\/www.oparanews.com.br\/index.php\/wp-json\/wp\/v2\/comments?post=12131"}],"version-history":[{"count":0,"href":"https:\/\/www.oparanews.com.br\/index.php\/wp-json\/wp\/v2\/posts\/12131\/revisions"}],"wp:attachment":[{"href":"https:\/\/www.oparanews.com.br\/index.php\/wp-json\/wp\/v2\/media?parent=12131"}],"wp:term":[{"taxonomy":"category","embeddable":true,"href":"https:\/\/www.oparanews.com.br\/index.php\/wp-json\/wp\/v2\/categories?post=12131"},{"taxonomy":"post_tag","embeddable":true,"href":"https:\/\/www.oparanews.com.br\/index.php\/wp-json\/wp\/v2\/tags?post=12131"}],"curies":[{"name":"wp","href":"https:\/\/api.w.org\/{rel}","templated":true}]}}