{"id":12134,"date":"2021-01-16T13:15:57","date_gmt":"2021-01-16T13:15:57","guid":{"rendered":"https:\/\/oparanews.com.br\/?p=12134"},"modified":"2021-01-16T13:15:57","modified_gmt":"2021-01-16T13:15:57","slug":"decreto-estadual-confirma-suspensao-do-enem-no-amazonas","status":"publish","type":"post","link":"https:\/\/www.oparanews.com.br\/index.php\/2021\/01\/16\/decreto-estadual-confirma-suspensao-do-enem-no-amazonas\/","title":{"rendered":"Decreto estadual confirma suspens\u00e3o do Enem no Amazonas"},"content":{"rendered":"<p>O governo do Amazonas publicou na noite de ontem (14) um decreto que suspende a realiza\u00e7\u00e3o do Exame Nacional do Ensino M\u00e9dio (Enem) no estado, em raz\u00e3o da calamidade provocada pela pandemia de covid-19. As provas est\u00e3o marcadas para serem aplicadas em todo o Brasil nos pr\u00f3ximos dois domingos (17 e 24 de janeiro).<\/p>\n<p>N\u00e3o foi dada previs\u00e3o de data para que o Enem seja realizado no Amazonas, onde h\u00e1 mais de 160 mil inscritos, segundo dados do Instituto Nacional de Estudos e Pesquisas Educacionais An\u00edsio Teixeira (Inep), respons\u00e1vel pela aplica\u00e7\u00e3o das provas.<\/p>\n<p>O decreto estadual foi publicado ap\u00f3s a Advocacia-Geral da Uni\u00e3o (AGU) recorrer, em nome do Minist\u00e9rio da Educa\u00e7\u00e3o, de uma decis\u00e3o da Justi\u00e7a Federal que j\u00e1 havia suspendido a realiza\u00e7\u00e3o do Enem no Amazonas em raz\u00e3o do avan\u00e7o da pandemia no estado.<\/p>\n<p>No recurso, o governo federal sustentou que as medidas de seguran\u00e7a sanit\u00e1ria previstas pelo Inep s\u00e3o suficientes para prevenir o cont\u00e1gio e que a n\u00e3o realiza\u00e7\u00e3o do Enem no Amazonas prejudicaria a n\u00edvel nacional o processo de ingresso nas universidades federais por meio do Sistema de Sele\u00e7\u00e3o Unificada (Sisu).<\/p>\n<p>Gravidade<\/p>\n<p>O decreto assinado pelo governador Wilson Lima, entretanto, prejudica o recurso da AGU, ao barrar a realiza\u00e7\u00e3o do Enem. Em nota, o governo amazonense disse que a norma \u201cconsidera a grave crise de sa\u00fade p\u00fablica, em decorr\u00eancia da pandemia da covid-19\u201d.<\/p>\n<p>Um outro processo que pede a suspens\u00e3o do Enem em todo territ\u00f3rio nacional j\u00e1 teve o pedido negado na Justi\u00e7a Federal de S\u00e3o Paulo. A decis\u00e3o, contudo, prev\u00ea que as provas n\u00e3o poder\u00e3o ser realizadas caso sejam impostas restri\u00e7\u00f5es mais severas de circula\u00e7\u00e3o pelas autoridades locais.<\/p>\n<p>Em um outro decreto, o governo estadual decretou toque de recolher em Manaus, entre 19h e 6h. Devido \u00e0 falta de leitos e de oxig\u00eanio nos hospitais, pacientes come\u00e7aram a ser transferidos para outras unidades da federa\u00e7\u00e3o.<\/p>\n<p>Segundo boletim divulgado na noite de ontem (14) pela Funda\u00e7\u00e3o de Vigil\u00e2ncia Sanit\u00e1ria do Amazonas (FVS-AM), foram registrados 3.816 novos casos de cont\u00e1gio e 51 mortes nas \u00faltimas 24 horas no Amazonas. Desde o in\u00edcio da pandemia, s\u00e3o 223.360 casos e 5.930 mortes no estado.<\/p>\n<p>&nbsp;<\/p>\n<p><strong>Fonte: Ag\u00eancia Brasil<\/strong><\/p>\n<p>&nbsp;<\/p>\n","protected":false},"excerpt":{"rendered":"<p>O governo do Amazonas publicou na noite de ontem (14) um decreto que suspende a realiza\u00e7\u00e3o do Exame Nacional do Ensino M\u00e9dio (Enem) no estado, em raz\u00e3o da calamidade provocada pela pandemia de covid-19. As provas est\u00e3o marcadas para serem aplicadas em todo o Brasil nos pr\u00f3ximos dois domingos (17 e 24 de janeiro). N\u00e3o &hellip;<\/p>\n","protected":false},"author":1,"featured_media":12135,"comment_status":"closed","ping_status":"closed","sticky":false,"template":"","format":"standard","meta":{"_jetpack_newsletter_access":"","_jetpack_dont_email_post_to_subs":false,"_jetpack_newsletter_tier_id":0,"_jetpack_memberships_contains_paywalled_content":false,"_jetpack_memberships_contains_paid_content":false,"footnotes":""},"categories":[1],"tags":[],"class_list":["post-12134","post","type-post","status-publish","format-standard","has-post-thumbnail","hentry","category-destaque"],"jetpack_sharing_enabled":true,"jetpack_featured_media_url":"","_links":{"self":[{"href":"https:\/\/www.oparanews.com.br\/index.php\/wp-json\/wp\/v2\/posts\/12134","targetHints":{"allow":["GET"]}}],"collection":[{"href":"https:\/\/www.oparanews.com.br\/index.php\/wp-json\/wp\/v2\/posts"}],"about":[{"href":"https:\/\/www.oparanews.com.br\/index.php\/wp-json\/wp\/v2\/types\/post"}],"author":[{"embeddable":true,"href":"https:\/\/www.oparanews.com.br\/index.php\/wp-json\/wp\/v2\/users\/1"}],"replies":[{"embeddable":true,"href":"https:\/\/www.oparanews.com.br\/index.php\/wp-json\/wp\/v2\/comments?post=12134"}],"version-history":[{"count":0,"href":"https:\/\/www.oparanews.com.br\/index.php\/wp-json\/wp\/v2\/posts\/12134\/revisions"}],"wp:attachment":[{"href":"https:\/\/www.oparanews.com.br\/index.php\/wp-json\/wp\/v2\/media?parent=12134"}],"wp:term":[{"taxonomy":"category","embeddable":true,"href":"https:\/\/www.oparanews.com.br\/index.php\/wp-json\/wp\/v2\/categories?post=12134"},{"taxonomy":"post_tag","embeddable":true,"href":"https:\/\/www.oparanews.com.br\/index.php\/wp-json\/wp\/v2\/tags?post=12134"}],"curies":[{"name":"wp","href":"https:\/\/api.w.org\/{rel}","templated":true}]}}