{"id":12137,"date":"2021-01-16T13:18:52","date_gmt":"2021-01-16T13:18:52","guid":{"rendered":"https:\/\/oparanews.com.br\/?p=12137"},"modified":"2021-01-16T13:18:52","modified_gmt":"2021-01-16T13:18:52","slug":"aviao-que-pegaria-vacina-na-india-entrega-oxigenio-em-manaus","status":"publish","type":"post","link":"https:\/\/www.oparanews.com.br\/index.php\/2021\/01\/16\/aviao-que-pegaria-vacina-na-india-entrega-oxigenio-em-manaus\/","title":{"rendered":"Avi\u00e3o que pegaria vacina na \u00cdndia entrega oxig\u00eanio em Manaus"},"content":{"rendered":"<p>BRAS\u00cdLIA &#8211; Com a negativa da \u00cdndia em entregar dois milh\u00f5es de doses de vacinas da AstraZeneca\/Oxford ao Brasil, o governo decidiu dar um novo destino para a aeronave que iria a Mumbai.<\/p>\n<p>Em nota oficial, o Minist\u00e9rio da Sa\u00fade informou que o avi\u00e3o da Azul, que est\u00e1 em Recife (PE), seria enviado ainda nesta sexta-feira, 15, \u00e0s 23h, at\u00e9 Campinas (SP), para carregamento de cilindros de oxig\u00eanio que ser\u00e3o transportados a Manaus (AM) no s\u00e1bado, 16.<\/p>\n<p>&#8220;A aeronave levar\u00e1 a capacidade m\u00e1xima para esse tipo de carga. O pedido foi feito pelo Minist\u00e9rio da Sa\u00fade a fim de abastecer as unidades de sa\u00fade da regi\u00e3o&#8221;, informou a pasta.<\/p>\n<p>&#8220;O voo ser\u00e1 realizado pela mesma aeronave que partiria hoje para Mumbai, na \u00cdndia, uma vez que a miss\u00e3o foi reprogramada devido quest\u00f5es diplom\u00e1ticas entre Brasil e \u00cdndia e dever\u00e1 ocorrer nos pr\u00f3ximos dias.&#8221;<\/p>\n<p>A decis\u00e3o da \u00cdndia frustrou a expectativa do governo federal, que havia preparado um plano para que o imunizante chegasse ao Pa\u00eds at\u00e9 domingo, 17, a tempo de ser usado no in\u00edcio da vacina\u00e7\u00e3o em todo o Pa\u00eds, prevista para quarta-feira, 20.<\/p>\n<p>Ap\u00f3s a resposta dos indianos, o Minist\u00e9rio da Sa\u00fade solicitou nesta sexta-feira, 15, a entrega &#8220;imediata&#8221; de seis milh\u00f5es de doses da Coronavac, produzidas pelo Instituto Butant\u00e3, em parceria com a chinesa Sinovac.<\/p>\n<p>O Instituto Butant\u00e3, por sua vez, respondeu que vai liberar o imunizante assim que houve autoriza\u00e7\u00e3o da Ag\u00eancia Nacional de Vigil\u00e2ncia Sanit\u00e1ria (Anvisa), e questionou o quantitativo de vacinas que ser\u00e1 destinado ao Estado de S\u00e3o Paulo, al\u00e9m da data e hor\u00e1rio em que ser\u00e1 iniciada a campanha de vacina\u00e7\u00e3o &#8220;simultaneamente&#8221; em todo o Pa\u00eds.<\/p>\n<p>Em novo of\u00edcio ao Butant\u00e3, o Minist\u00e9rio da Sa\u00fade n\u00e3o respondeu \u00e0s perguntas e afirmou que \u00e9 sua a responsabilidade pela elabora\u00e7\u00e3o, atualiza\u00e7\u00e3o e coordena\u00e7\u00e3o do Plano Nacional de Operacionaliza\u00e7\u00e3o da vacina\u00e7\u00e3o contra a covid-19.<\/p>\n<p>Mesmo com a recusa da \u00cdndia em enviar as doses, n\u00e3o est\u00e1 descartada a possibilidade de a vacina\u00e7\u00e3o come\u00e7ar apenas com a Coronavac, o que representaria um rev\u00e9s pol\u00edtico a Bolsonaro.<\/p>\n<p>A negocia\u00e7\u00e3o pela vacina gerou crise entre os governos federal e de S\u00e3o Paulo. Bolsonaro chegou a for\u00e7ar o ministro da Sa\u00fade, Eduardo Pazuello, a recuar da promessa de compra, em outubro. Bolsonaro disse tamb\u00e9m que n\u00e3o compraria a vacina &#8220;pela sua origem&#8221;.<\/p>\n<p>Por fim, o presidente recuou e acabou adquirindo a vacina, principal aposta do governador de S\u00e3o Paulo, Jo\u00e3o Doria (PSDB), seu advers\u00e1rio pol\u00edtico, para a vacina\u00e7\u00e3o no Estado. Ainda assim, Bolsonaro ironizou a efic\u00e1cia de 50,4% da vacina, pr\u00f3ximo do patamar m\u00ednimo exigido pela Anvisa.<\/p>\n<p>Em entrevista ao programa Brasil Urgente, apresentado por Jos\u00e9 Luiz Datena, o presidente havia dito que o envio de doses pela \u00cdndia poderia atrasar &#8220;um ou dois dias&#8221;, at\u00e9 o in\u00edcio da vacina\u00e7\u00e3o fosse iniciada no pa\u00eds asi\u00e1tico, prevista para s\u00e1bado, 16. Na nota oficial, o governo n\u00e3o informou a nova data do voo para a \u00cdndia.<\/p>\n<p>O ministro das Rela\u00e7\u00f5es Exteriores, Ernesto Ara\u00fajo, chegou a telefonar na noite de quinta-feira, 14, ao chanceler da \u00cdndia, Subrahmanyam Jaishankar, e reiterou o pedido para importa\u00e7\u00e3o das vacinas. A \u00cdndia, no entanto, alegou &#8220;problemas log\u00edsticos&#8221; para liberar as doses ao Brasil.<\/p>\n<p>O governo federal comprou 46 milh\u00f5es de doses da Coronavac neste m\u00eas. H\u00e1 ainda a op\u00e7\u00e3o de adquirir mais 54 milh\u00f5es de unidades.<\/p>\n<p>A Anvisa deve decidir no domingo, 17, se libera o uso emergencial da Coronavac e da vacina de Oxford. Antes deste aval, estes imunizantes deveriam ficar sob guarda do Butant\u00e3 e da Fiocruz.<\/p>\n<p>&nbsp;<\/p>\n<p><strong>COLABORAM MATEUS VARGAS, FELIPE FRAZ\u00c3O E EMILLY BENHKE \/ Terra<\/strong><\/p>\n<p>&nbsp;<\/p>\n","protected":false},"excerpt":{"rendered":"<p>BRAS\u00cdLIA &#8211; Com a negativa da \u00cdndia em entregar dois milh\u00f5es de doses de vacinas da AstraZeneca\/Oxford ao Brasil, o governo decidiu dar um novo destino para a aeronave que iria a Mumbai. Em nota oficial, o Minist\u00e9rio da Sa\u00fade informou que o avi\u00e3o da Azul, que est\u00e1 em Recife (PE), seria enviado ainda nesta &hellip;<\/p>\n","protected":false},"author":1,"featured_media":12138,"comment_status":"closed","ping_status":"closed","sticky":false,"template":"","format":"standard","meta":{"_jetpack_newsletter_access":"","_jetpack_dont_email_post_to_subs":false,"_jetpack_newsletter_tier_id":0,"_jetpack_memberships_contains_paywalled_content":false,"_jetpack_memberships_contains_paid_content":false,"footnotes":""},"categories":[1],"tags":[],"class_list":["post-12137","post","type-post","status-publish","format-standard","has-post-thumbnail","hentry","category-destaque"],"jetpack_sharing_enabled":true,"jetpack_featured_media_url":"","_links":{"self":[{"href":"https:\/\/www.oparanews.com.br\/index.php\/wp-json\/wp\/v2\/posts\/12137","targetHints":{"allow":["GET"]}}],"collection":[{"href":"https:\/\/www.oparanews.com.br\/index.php\/wp-json\/wp\/v2\/posts"}],"about":[{"href":"https:\/\/www.oparanews.com.br\/index.php\/wp-json\/wp\/v2\/types\/post"}],"author":[{"embeddable":true,"href":"https:\/\/www.oparanews.com.br\/index.php\/wp-json\/wp\/v2\/users\/1"}],"replies":[{"embeddable":true,"href":"https:\/\/www.oparanews.com.br\/index.php\/wp-json\/wp\/v2\/comments?post=12137"}],"version-history":[{"count":0,"href":"https:\/\/www.oparanews.com.br\/index.php\/wp-json\/wp\/v2\/posts\/12137\/revisions"}],"wp:attachment":[{"href":"https:\/\/www.oparanews.com.br\/index.php\/wp-json\/wp\/v2\/media?parent=12137"}],"wp:term":[{"taxonomy":"category","embeddable":true,"href":"https:\/\/www.oparanews.com.br\/index.php\/wp-json\/wp\/v2\/categories?post=12137"},{"taxonomy":"post_tag","embeddable":true,"href":"https:\/\/www.oparanews.com.br\/index.php\/wp-json\/wp\/v2\/tags?post=12137"}],"curies":[{"name":"wp","href":"https:\/\/api.w.org\/{rel}","templated":true}]}}