{"id":12151,"date":"2021-01-16T13:44:22","date_gmt":"2021-01-16T13:44:22","guid":{"rendered":"https:\/\/oparanews.com.br\/?p=12151"},"modified":"2021-01-16T13:44:22","modified_gmt":"2021-01-16T13:44:22","slug":"lady-gaga-vai-cantar-o-hino-na-posse-de-joe-biden","status":"publish","type":"post","link":"https:\/\/www.oparanews.com.br\/index.php\/2021\/01\/16\/lady-gaga-vai-cantar-o-hino-na-posse-de-joe-biden\/","title":{"rendered":"Lady Gaga vai cantar o hino na posse de Joe Biden"},"content":{"rendered":"<p>A cantora Lady Gaga vai cantar o hino americano e Jennifer Lopez far\u00e1 uma apresenta\u00e7\u00e3o musical na posse do presidente eleito dos Estados Unidos, Joe Biden, marcada para o pr\u00f3ximo dia 20, numa clara tentativa de mostrar um pa\u00eds diverso. Ambas as artistas apoiaram a candidatura do democrata nas elei\u00e7\u00f5es do ano passado.<\/p>\n<p>Os organizadores da cerim\u00f4nia tamb\u00e9m anunciaram que o ator Tom Hanks vai comandar um especial na televis\u00e3o, chamado &#8220;Celebrando a Am\u00e9rica&#8221;.<\/p>\n<p>A atra\u00e7\u00e3o substituir\u00e1 o formato convencional de cerim\u00f4nia de posse \u2013que precisou ser mais enxuta neste ano por quest\u00f5es de sa\u00fade e seguran\u00e7a p\u00fablica.<\/p>\n<p>M\u00fasicos como Jon Bon Jovi, Justin Timberlake e Demi Lovato tamb\u00e9m far\u00e3o apresenta\u00e7\u00f5es ao longo do dia.<\/p>\n<p>Idealizado pela Comiss\u00e3o de Posse Presidencial, o especial ser\u00e1 transmitido ao vivo pelas principais emissoras de TV americanas e pelo YouTube da organiza\u00e7\u00e3o.<\/p>\n<p>A presen\u00e7a de grandes artistas na posse n\u00e3o \u00e9 novidade. Em 2009, Aretha Franklin se apresentou no dia em que Obama assumiu o cargo. Quatro anos depois, reeleito, foi a vez de Beyonc\u00e9.<\/p>\n<p>Com a chegada de Trump, a tradi\u00e7\u00e3o dos grandes nomes n\u00e3o foi mantida, j\u00e1 que grande parte da ind\u00fastria virou as costas para o evento.<\/p>\n<p>&nbsp;<\/p>\n<p><strong>Fonte: Folhapress<\/strong><\/p>\n<p>&nbsp;<\/p>\n","protected":false},"excerpt":{"rendered":"<p>A cantora Lady Gaga vai cantar o hino americano e Jennifer Lopez far\u00e1 uma apresenta\u00e7\u00e3o musical na posse do presidente eleito dos Estados Unidos, Joe Biden, marcada para o pr\u00f3ximo dia 20, numa clara tentativa de mostrar um pa\u00eds diverso. Ambas as artistas apoiaram a candidatura do democrata nas elei\u00e7\u00f5es do ano passado. Os organizadores &hellip;<\/p>\n","protected":false},"author":1,"featured_media":12152,"comment_status":"closed","ping_status":"closed","sticky":false,"template":"","format":"standard","meta":{"_jetpack_newsletter_access":"","_jetpack_dont_email_post_to_subs":false,"_jetpack_newsletter_tier_id":0,"_jetpack_memberships_contains_paywalled_content":false,"_jetpack_memberships_contains_paid_content":false,"footnotes":""},"categories":[1],"tags":[],"class_list":["post-12151","post","type-post","status-publish","format-standard","has-post-thumbnail","hentry","category-destaque"],"jetpack_sharing_enabled":true,"jetpack_featured_media_url":"","_links":{"self":[{"href":"https:\/\/www.oparanews.com.br\/index.php\/wp-json\/wp\/v2\/posts\/12151","targetHints":{"allow":["GET"]}}],"collection":[{"href":"https:\/\/www.oparanews.com.br\/index.php\/wp-json\/wp\/v2\/posts"}],"about":[{"href":"https:\/\/www.oparanews.com.br\/index.php\/wp-json\/wp\/v2\/types\/post"}],"author":[{"embeddable":true,"href":"https:\/\/www.oparanews.com.br\/index.php\/wp-json\/wp\/v2\/users\/1"}],"replies":[{"embeddable":true,"href":"https:\/\/www.oparanews.com.br\/index.php\/wp-json\/wp\/v2\/comments?post=12151"}],"version-history":[{"count":0,"href":"https:\/\/www.oparanews.com.br\/index.php\/wp-json\/wp\/v2\/posts\/12151\/revisions"}],"wp:attachment":[{"href":"https:\/\/www.oparanews.com.br\/index.php\/wp-json\/wp\/v2\/media?parent=12151"}],"wp:term":[{"taxonomy":"category","embeddable":true,"href":"https:\/\/www.oparanews.com.br\/index.php\/wp-json\/wp\/v2\/categories?post=12151"},{"taxonomy":"post_tag","embeddable":true,"href":"https:\/\/www.oparanews.com.br\/index.php\/wp-json\/wp\/v2\/tags?post=12151"}],"curies":[{"name":"wp","href":"https:\/\/api.w.org\/{rel}","templated":true}]}}