{"id":12154,"date":"2021-01-16T13:46:16","date_gmt":"2021-01-16T13:46:16","guid":{"rendered":"https:\/\/oparanews.com.br\/?p=12154"},"modified":"2021-01-16T13:46:16","modified_gmt":"2021-01-16T13:46:16","slug":"adilson-batista-sofre-infarto-e-e-internado-em-hospital-de-curitiba","status":"publish","type":"post","link":"https:\/\/www.oparanews.com.br\/index.php\/2021\/01\/16\/adilson-batista-sofre-infarto-e-e-internado-em-hospital-de-curitiba\/","title":{"rendered":"Adilson Batista sofre infarto e \u00e9 internado em hospital de Curitiba"},"content":{"rendered":"<p>O t\u00e9cnico Adilson Batista sofreu um infarto na quinta-feira e precisou ser internado em um hospital de Curitiba. A assessoria do treinador falou que ele fez dois cateterismo e que &#8220;est\u00e1 bem e em observa\u00e7\u00e3o na UTI&#8221;, mas que &#8220;ainda dever\u00e1 fazer uma cirurgia&#8221;.<\/p>\n<p>Adilson trabalhou por \u00faltimo no Cear\u00e1 (em 2019) e no Cruzeiro (entre 2019 e 2020). O clube mineiro, inclusive, se pronunciou nas redes sociais e desejou &#8220;pronta recupera\u00e7\u00e3o ao grande cruzeirense Adilson Batista&#8221;.<\/p>\n<p>O t\u00e9cnico est\u00e1 sem clube desde a sa\u00edda da Raposa, em mar\u00e7o de 2020. Antes de Cear\u00e1 e Cruzeiro, Adilson j\u00e1 tinha comandado, entre outros, Corinthians, Athletico, S\u00e3o Paulo, Atl\u00e9tico-GO, Figueirense e Am\u00e9rica-MG.<\/p>\n<p>Natural de Adrian\u00f3polis (cidade a cerca de 150km de Curitiba), Adilson mora em Curitiba e, antes da pandemia de Covid-19, comparecia a v\u00e1rios jogos na Arena da Baixada. Ele \u00e9, inclusive, s\u00f3cio-torcedor do Furac\u00e3o.<\/p>\n<p>&nbsp;<\/p>\n<p><strong>Fonte: GE<\/strong><\/p>\n<p>&nbsp;<\/p>\n","protected":false},"excerpt":{"rendered":"<p>O t\u00e9cnico Adilson Batista sofreu um infarto na quinta-feira e precisou ser internado em um hospital de Curitiba. A assessoria do treinador falou que ele fez dois cateterismo e que &#8220;est\u00e1 bem e em observa\u00e7\u00e3o na UTI&#8221;, mas que &#8220;ainda dever\u00e1 fazer uma cirurgia&#8221;. Adilson trabalhou por \u00faltimo no Cear\u00e1 (em 2019) e no Cruzeiro &hellip;<\/p>\n","protected":false},"author":1,"featured_media":12155,"comment_status":"closed","ping_status":"closed","sticky":false,"template":"","format":"standard","meta":{"_jetpack_newsletter_access":"","_jetpack_dont_email_post_to_subs":false,"_jetpack_newsletter_tier_id":0,"_jetpack_memberships_contains_paywalled_content":false,"_jetpack_memberships_contains_paid_content":false,"footnotes":""},"categories":[1],"tags":[],"class_list":["post-12154","post","type-post","status-publish","format-standard","has-post-thumbnail","hentry","category-destaque"],"jetpack_sharing_enabled":true,"jetpack_featured_media_url":"","_links":{"self":[{"href":"https:\/\/www.oparanews.com.br\/index.php\/wp-json\/wp\/v2\/posts\/12154","targetHints":{"allow":["GET"]}}],"collection":[{"href":"https:\/\/www.oparanews.com.br\/index.php\/wp-json\/wp\/v2\/posts"}],"about":[{"href":"https:\/\/www.oparanews.com.br\/index.php\/wp-json\/wp\/v2\/types\/post"}],"author":[{"embeddable":true,"href":"https:\/\/www.oparanews.com.br\/index.php\/wp-json\/wp\/v2\/users\/1"}],"replies":[{"embeddable":true,"href":"https:\/\/www.oparanews.com.br\/index.php\/wp-json\/wp\/v2\/comments?post=12154"}],"version-history":[{"count":0,"href":"https:\/\/www.oparanews.com.br\/index.php\/wp-json\/wp\/v2\/posts\/12154\/revisions"}],"wp:attachment":[{"href":"https:\/\/www.oparanews.com.br\/index.php\/wp-json\/wp\/v2\/media?parent=12154"}],"wp:term":[{"taxonomy":"category","embeddable":true,"href":"https:\/\/www.oparanews.com.br\/index.php\/wp-json\/wp\/v2\/categories?post=12154"},{"taxonomy":"post_tag","embeddable":true,"href":"https:\/\/www.oparanews.com.br\/index.php\/wp-json\/wp\/v2\/tags?post=12154"}],"curies":[{"name":"wp","href":"https:\/\/api.w.org\/{rel}","templated":true}]}}