{"id":12157,"date":"2021-01-16T13:47:35","date_gmt":"2021-01-16T13:47:35","guid":{"rendered":"https:\/\/oparanews.com.br\/?p=12157"},"modified":"2021-01-16T13:47:35","modified_gmt":"2021-01-16T13:47:35","slug":"murici-anuncia-mais-tres-reforcos-para-a-temporada-de-2021","status":"publish","type":"post","link":"https:\/\/www.oparanews.com.br\/index.php\/2021\/01\/16\/murici-anuncia-mais-tres-reforcos-para-a-temporada-de-2021\/","title":{"rendered":"Murici anuncia mais tr\u00eas refor\u00e7os para a temporada de 2021"},"content":{"rendered":"<p>A diretoria do Murici segue refor\u00e7ando o clube para a temporada 2021 e, nessa quinta-feira (14), apresentou mais tr\u00eas jogadores: o zagueiro Erivelton Fernandes e os goleiros Vitor Terre e Luan Lopes. A apresenta\u00e7\u00e3o aconteceu no Est\u00e1dio no Jos\u00e9 Gomes da Costa, em Murici.<\/p>\n<p>O goleiro Vitor Terre, de 22 anos, j\u00e1 defendeu a equipe do Passo Fundo, do Rio Grande do Sul. J\u00e1 Luan Lopes tem 19 anos e \u00e9 da base do Cana\u00e3, da Bahia. Por fim, o zagueiro Erivelton Fernandes, de 25 anos, j\u00e1 passou pelo futebol alagoano, quando vestiu as camisas do Coruripe, em 2020, e tamb\u00e9m do Santa Rita, em 2018.<\/p>\n<p>Ap\u00f3s a apresenta\u00e7\u00e3o, os atletas j\u00e1 treinaram com o grupo alviverde. A dire\u00e7\u00e3o do Verd\u00e3o ainda est\u00e1 no mercado e mais dois refor\u00e7os poder\u00e3o ser anunciados nos pr\u00f3ximos dias.<\/p>\n<p><strong>Amistosos<\/strong><\/p>\n<p>Sobre a pr\u00e9-temporada, o objetivo \u00e9 realizar dois amistosos, antes da estreia na Copa Alagoas, competi\u00e7\u00e3o que est\u00e1 marcada para iniciar no dia 30 de janeiro. E o Murici vai estrear contra o CSE, em duelo v\u00e1lido pelo Grupo A da competi\u00e7\u00e3o.<\/p>\n<p>J\u00e1 pelo Campeonato Alagoano, cujo in\u00edcio est\u00e1 marcado para o dia 20 de fevereiro (um s\u00e1bado), o time alviverde, que ser\u00e1 comandado pelo t\u00e9cnico Jaelson Marcelino, vai fazer a sua estreia contra o CSA.<\/p>\n<p>&nbsp;<\/p>\n<p><strong>Fonte: Gazetaweb<\/strong><\/p>\n<p>&nbsp;<\/p>\n","protected":false},"excerpt":{"rendered":"<p>A diretoria do Murici segue refor\u00e7ando o clube para a temporada 2021 e, nessa quinta-feira (14), apresentou mais tr\u00eas jogadores: o zagueiro Erivelton Fernandes e os goleiros Vitor Terre e Luan Lopes. A apresenta\u00e7\u00e3o aconteceu no Est\u00e1dio no Jos\u00e9 Gomes da Costa, em Murici. O goleiro Vitor Terre, de 22 anos, j\u00e1 defendeu a equipe &hellip;<\/p>\n","protected":false},"author":1,"featured_media":12158,"comment_status":"closed","ping_status":"closed","sticky":false,"template":"","format":"standard","meta":{"_jetpack_newsletter_access":"","_jetpack_dont_email_post_to_subs":false,"_jetpack_newsletter_tier_id":0,"_jetpack_memberships_contains_paywalled_content":false,"_jetpack_memberships_contains_paid_content":false,"footnotes":""},"categories":[1],"tags":[],"class_list":["post-12157","post","type-post","status-publish","format-standard","has-post-thumbnail","hentry","category-destaque"],"jetpack_sharing_enabled":true,"jetpack_featured_media_url":"","_links":{"self":[{"href":"https:\/\/www.oparanews.com.br\/index.php\/wp-json\/wp\/v2\/posts\/12157","targetHints":{"allow":["GET"]}}],"collection":[{"href":"https:\/\/www.oparanews.com.br\/index.php\/wp-json\/wp\/v2\/posts"}],"about":[{"href":"https:\/\/www.oparanews.com.br\/index.php\/wp-json\/wp\/v2\/types\/post"}],"author":[{"embeddable":true,"href":"https:\/\/www.oparanews.com.br\/index.php\/wp-json\/wp\/v2\/users\/1"}],"replies":[{"embeddable":true,"href":"https:\/\/www.oparanews.com.br\/index.php\/wp-json\/wp\/v2\/comments?post=12157"}],"version-history":[{"count":0,"href":"https:\/\/www.oparanews.com.br\/index.php\/wp-json\/wp\/v2\/posts\/12157\/revisions"}],"wp:attachment":[{"href":"https:\/\/www.oparanews.com.br\/index.php\/wp-json\/wp\/v2\/media?parent=12157"}],"wp:term":[{"taxonomy":"category","embeddable":true,"href":"https:\/\/www.oparanews.com.br\/index.php\/wp-json\/wp\/v2\/categories?post=12157"},{"taxonomy":"post_tag","embeddable":true,"href":"https:\/\/www.oparanews.com.br\/index.php\/wp-json\/wp\/v2\/tags?post=12157"}],"curies":[{"name":"wp","href":"https:\/\/api.w.org\/{rel}","templated":true}]}}