{"id":12160,"date":"2021-01-16T13:49:47","date_gmt":"2021-01-16T13:49:47","guid":{"rendered":"https:\/\/oparanews.com.br\/?p=12160"},"modified":"2021-01-16T13:49:47","modified_gmt":"2021-01-16T13:49:47","slug":"duda-reis-tem-medo-que-nego-do-borel-divulgue-fotos-e-videos-intimos-diz-b-o","status":"publish","type":"post","link":"https:\/\/www.oparanews.com.br\/index.php\/2021\/01\/16\/duda-reis-tem-medo-que-nego-do-borel-divulgue-fotos-e-videos-intimos-diz-b-o\/","title":{"rendered":"Duda Reis tem medo que Nego do Borel divulgue fotos e v\u00eddeos \u00edntimos, diz B.O"},"content":{"rendered":"<p>Duda Reis compareceu a uma Delegacia da Mulher na tarde de quinta-feira (14) para registar um boletim de ocorr\u00eancia contra Nego do Borel, seu ex-noivo. A atriz acusou o cantor de estupro de vulner\u00e1vel, les\u00e3o dom\u00e9stica, inj\u00faria, amea\u00e7a e ainda disse ter medo do artista divulgar suas fotos \u00edntimas. As informa\u00e7\u00f5es s\u00e3o do programa \u2018A Tarde \u00c9 Sua\u2019.<\/p>\n<p>\u201cQue a v\u00edtima sempre teve muito medo, pois o agressor chegou amea\u00e7ar a expor fotos em redes sociais informa\u00e7\u00f5es \u00edntimas da v\u00edtima com intuito de acabar com a carreira da v\u00edtima. Que o autor j\u00e1 fotografou a v\u00edtima nua e possui v\u00eddeos de atos sexuais que teriam praticado, que a v\u00edtima sentir medo que o autor divulgue os v\u00eddeos e fotos expondo-a negativamente\u201d, diz o trecho do documento.<\/p>\n<p>No boletim, Duda conta que, em agosto de 2018, em uma viagem a Portugal, de 20 dias, ela teria permanecido dopada com o incentivo de Nego, que mantinha rela\u00e7\u00f5es sexuais com ela sem o consentimento.<\/p>\n<p>A atriz ainda diz que no come\u00e7o do ano, Nego chegou a colocar uma faca em seu pesco\u00e7o e foi amea\u00e7ada de morte. Segundo Duda, durante a pandemia, Nego n\u00e3o permitia que ela fizesse terapia sozinha. Ela tamb\u00e9m alega que o ex n\u00e3o deixava que ela tivesse relacionamento com os pais.<\/p>\n<p><strong>Entenda o caso<\/strong><\/p>\n<p>Nego do Borel e Duda Reis estavam juntos desde 2018, sendo que a atriz morava na casa do funkeiro no Rio de Janeiro. O relacionamento sempre foi envolvido em muitas pol\u00eamicas e boatos de trai\u00e7\u00f5es por parte de Nego do Borel.<\/p>\n<p>&nbsp;<\/p>\n<p><strong>Fonte: Isto\u00e9<\/strong><\/p>\n<p>&nbsp;<\/p>\n","protected":false},"excerpt":{"rendered":"<p>Duda Reis compareceu a uma Delegacia da Mulher na tarde de quinta-feira (14) para registar um boletim de ocorr\u00eancia contra Nego do Borel, seu ex-noivo. A atriz acusou o cantor de estupro de vulner\u00e1vel, les\u00e3o dom\u00e9stica, inj\u00faria, amea\u00e7a e ainda disse ter medo do artista divulgar suas fotos \u00edntimas. As informa\u00e7\u00f5es s\u00e3o do programa \u2018A &hellip;<\/p>\n","protected":false},"author":1,"featured_media":12161,"comment_status":"closed","ping_status":"closed","sticky":false,"template":"","format":"standard","meta":{"_jetpack_newsletter_access":"","_jetpack_dont_email_post_to_subs":false,"_jetpack_newsletter_tier_id":0,"_jetpack_memberships_contains_paywalled_content":false,"_jetpack_memberships_contains_paid_content":false,"footnotes":""},"categories":[1],"tags":[],"class_list":["post-12160","post","type-post","status-publish","format-standard","has-post-thumbnail","hentry","category-destaque"],"jetpack_sharing_enabled":true,"jetpack_featured_media_url":"","_links":{"self":[{"href":"https:\/\/www.oparanews.com.br\/index.php\/wp-json\/wp\/v2\/posts\/12160","targetHints":{"allow":["GET"]}}],"collection":[{"href":"https:\/\/www.oparanews.com.br\/index.php\/wp-json\/wp\/v2\/posts"}],"about":[{"href":"https:\/\/www.oparanews.com.br\/index.php\/wp-json\/wp\/v2\/types\/post"}],"author":[{"embeddable":true,"href":"https:\/\/www.oparanews.com.br\/index.php\/wp-json\/wp\/v2\/users\/1"}],"replies":[{"embeddable":true,"href":"https:\/\/www.oparanews.com.br\/index.php\/wp-json\/wp\/v2\/comments?post=12160"}],"version-history":[{"count":0,"href":"https:\/\/www.oparanews.com.br\/index.php\/wp-json\/wp\/v2\/posts\/12160\/revisions"}],"wp:attachment":[{"href":"https:\/\/www.oparanews.com.br\/index.php\/wp-json\/wp\/v2\/media?parent=12160"}],"wp:term":[{"taxonomy":"category","embeddable":true,"href":"https:\/\/www.oparanews.com.br\/index.php\/wp-json\/wp\/v2\/categories?post=12160"},{"taxonomy":"post_tag","embeddable":true,"href":"https:\/\/www.oparanews.com.br\/index.php\/wp-json\/wp\/v2\/tags?post=12160"}],"curies":[{"name":"wp","href":"https:\/\/api.w.org\/{rel}","templated":true}]}}