{"id":12163,"date":"2021-01-16T13:51:10","date_gmt":"2021-01-16T13:51:10","guid":{"rendered":"https:\/\/oparanews.com.br\/?p=12163"},"modified":"2021-01-16T13:51:10","modified_gmt":"2021-01-16T13:51:10","slug":"prefeitura-de-penedo-abre-sindicancia-sobre-concessao-de-linha-do-transporte-coletivo","status":"publish","type":"post","link":"https:\/\/www.oparanews.com.br\/index.php\/2021\/01\/16\/prefeitura-de-penedo-abre-sindicancia-sobre-concessao-de-linha-do-transporte-coletivo\/","title":{"rendered":"Prefeitura de Penedo abre sindic\u00e2ncia sobre concess\u00e3o de linha do transporte coletivo"},"content":{"rendered":"<p>O Prefeito Ronaldo Lopes recebeu nesta sexta-feira, 15, representantes da Cooperativa de Transporte de Penedo (Cootranspe) e vereadores do munic\u00edpio.<\/p>\n<p>Em pauta, duas concess\u00f5es de linha autorizadas no final do ano passado para membro da cooperativa que presta o servi\u00e7o na \u00e1rea urbana de Penedo, autoriza\u00e7\u00f5es contestadas pela pr\u00f3pria Cootranspe.<\/p>\n<p>A categoria paralisou o transporte de passageiros nas linhas urbanas, na manh\u00e3 de ontem (quinta-feira, 14), como forma de protesto, antes mesmo de oficializar solicita\u00e7\u00e3o para que o governo municipal recebesse representantes da cooperativa.<\/p>\n<p>O Superintendente da SMTT Penedo, Coronel Jota J\u00fanior, chamou a aten\u00e7\u00e3o dos concession\u00e1rios pelo preju\u00edzo causado \u00e0 popula\u00e7\u00e3o, j\u00e1 que o servi\u00e7o p\u00fablico parou, antes mesmo da realiza\u00e7\u00e3o de audi\u00eancia com o gestor municipal.<\/p>\n<p>Sempre aberto ao di\u00e1logo, Ronaldo Lopes atendeu solicita\u00e7\u00e3o do presidente da C\u00e2mara Municipal de Penedo, J\u00fanior do T\u00f3 (Ant\u00f4nio de Figueiredo Barbosa J\u00fanior) e do vereador Denys Reis que intermediaram o encontro com os empres\u00e1rios do setor.<\/p>\n<p>Ap\u00f3s a explana\u00e7\u00e3o da den\u00fancia, ficou decidido que a Prefeitura de Penedo abrir\u00e1 sindic\u00e2ncia para aprofundar a investiga\u00e7\u00e3o, com nova reuni\u00e3o agendada para a pr\u00f3xima semana.<\/p>\n<p>Al\u00e9m do Prefeito Ronaldo Lopes e dos concession\u00e1rios do transporte coletivo em Penedo, a reuni\u00e3o de hoje contou com a participa\u00e7\u00e3o do Chefe do Gabinete Civil, advogado Alfredo Pereira; do Diretor de Comunica\u00e7\u00e3o, Kim Emmanuel; dos vereadores J\u00fanior do T\u00f3, Denys Reis, Messias da Fil\u00f3, Rodrigo Regueira, Valdinho Monteiro e Marival Oliveira.<\/p>\n<p>&nbsp;<\/p>\n<p><strong>por Fernando Vin\u00edcius \u2013 Decom PMP<\/strong><\/p>\n<p>&nbsp;<\/p>\n","protected":false},"excerpt":{"rendered":"<p>O Prefeito Ronaldo Lopes recebeu nesta sexta-feira, 15, representantes da Cooperativa de Transporte de Penedo (Cootranspe) e vereadores do munic\u00edpio. Em pauta, duas concess\u00f5es de linha autorizadas no final do ano passado para membro da cooperativa que presta o servi\u00e7o na \u00e1rea urbana de Penedo, autoriza\u00e7\u00f5es contestadas pela pr\u00f3pria Cootranspe. A categoria paralisou o transporte &hellip;<\/p>\n","protected":false},"author":1,"featured_media":12164,"comment_status":"closed","ping_status":"closed","sticky":false,"template":"","format":"standard","meta":{"_jetpack_newsletter_access":"","_jetpack_dont_email_post_to_subs":false,"_jetpack_newsletter_tier_id":0,"_jetpack_memberships_contains_paywalled_content":false,"_jetpack_memberships_contains_paid_content":false,"footnotes":""},"categories":[1],"tags":[],"class_list":["post-12163","post","type-post","status-publish","format-standard","has-post-thumbnail","hentry","category-destaque"],"jetpack_sharing_enabled":true,"jetpack_featured_media_url":"","_links":{"self":[{"href":"https:\/\/www.oparanews.com.br\/index.php\/wp-json\/wp\/v2\/posts\/12163","targetHints":{"allow":["GET"]}}],"collection":[{"href":"https:\/\/www.oparanews.com.br\/index.php\/wp-json\/wp\/v2\/posts"}],"about":[{"href":"https:\/\/www.oparanews.com.br\/index.php\/wp-json\/wp\/v2\/types\/post"}],"author":[{"embeddable":true,"href":"https:\/\/www.oparanews.com.br\/index.php\/wp-json\/wp\/v2\/users\/1"}],"replies":[{"embeddable":true,"href":"https:\/\/www.oparanews.com.br\/index.php\/wp-json\/wp\/v2\/comments?post=12163"}],"version-history":[{"count":0,"href":"https:\/\/www.oparanews.com.br\/index.php\/wp-json\/wp\/v2\/posts\/12163\/revisions"}],"wp:attachment":[{"href":"https:\/\/www.oparanews.com.br\/index.php\/wp-json\/wp\/v2\/media?parent=12163"}],"wp:term":[{"taxonomy":"category","embeddable":true,"href":"https:\/\/www.oparanews.com.br\/index.php\/wp-json\/wp\/v2\/categories?post=12163"},{"taxonomy":"post_tag","embeddable":true,"href":"https:\/\/www.oparanews.com.br\/index.php\/wp-json\/wp\/v2\/tags?post=12163"}],"curies":[{"name":"wp","href":"https:\/\/api.w.org\/{rel}","templated":true}]}}