{"id":12166,"date":"2021-01-17T16:07:59","date_gmt":"2021-01-17T16:07:59","guid":{"rendered":"https:\/\/oparanews.com.br\/?p=12166"},"modified":"2021-01-17T16:07:59","modified_gmt":"2021-01-17T16:07:59","slug":"agricultor-colhe-macaxeira-gigante-em-arapiraca","status":"publish","type":"post","link":"https:\/\/www.oparanews.com.br\/index.php\/2021\/01\/17\/agricultor-colhe-macaxeira-gigante-em-arapiraca\/","title":{"rendered":"Agricultor colhe macaxeira gigante em Arapiraca"},"content":{"rendered":"<p>Um agricultor da zona rural de Arapiraca, no agreste de Alagoas, colheu uma macaxeira gigante em sua propriedade. A raiz pesou 37 quilos e mediu 2,5m de comprimento. Jos\u00e9 Ant\u00f4nio disse que fez o plantio em julho de 2018 e colheu pouco mais de dois anos depois, na ter\u00e7a-feira (12).<\/p>\n<p>&#8220;Essa n\u00e3o foi a primeira, essa j\u00e1 \u00e9 a terceira ou a quarta que eu colhi com peso acima de 30kg. A gente luta muito, sofre muito, mas d\u00e1 prazer quando faz a colheita e aparecem obras como essa porque inegavelmente isso aqui \u00e9 uma obra de arte&#8221;, disse o agricultor.<\/p>\n<p>A colheita chamou aten\u00e7\u00e3o dos t\u00e9cnicos do Instituto de Inova\u00e7\u00e3o para o Desenvolvimento Rural Sustent\u00e1vel de Alagoas (Emater) que foram at\u00e9 o local para avaliar o solo e a raiz.<\/p>\n<p>Segundo o engenheiro agr\u00f4nomo M\u00e1rio Jorge, o fato n\u00e3o \u00e9 comum e se deve a v\u00e1rios fatores durante o cultivo na propriedade.<\/p>\n<p>&#8220;Pelo tempo do plantio, que tem aproximadamente dois anos e meio, em torno de 30 meses, ela teve para se desenvolver al\u00e9m das condi\u00e7\u00f5es clim\u00e1ticas do ano passado para c\u00e1, muita chuva. Ent\u00e3o a planta teve chuva, \u00e1gua em quantidade e no tempo certo. Quando ele plantou, ele nos relatou que fez todo trabalho de funda\u00e7\u00e3o usando esterco. Ent\u00e3o, ela encontrou uma condi\u00e7\u00e3o no solo junto com nutrientes suficiente para que se desenvolvesse&#8221;, explicou o engenheiro.<\/p>\n<p>&nbsp;<\/p>\n<p><strong>Fonte: G1\/AL<\/strong><\/p>\n<p>&nbsp;<\/p>\n","protected":false},"excerpt":{"rendered":"<p>Um agricultor da zona rural de Arapiraca, no agreste de Alagoas, colheu uma macaxeira gigante em sua propriedade. A raiz pesou 37 quilos e mediu 2,5m de comprimento. Jos\u00e9 Ant\u00f4nio disse que fez o plantio em julho de 2018 e colheu pouco mais de dois anos depois, na ter\u00e7a-feira (12). &#8220;Essa n\u00e3o foi a primeira, &hellip;<\/p>\n","protected":false},"author":1,"featured_media":12167,"comment_status":"closed","ping_status":"closed","sticky":false,"template":"","format":"standard","meta":{"_jetpack_newsletter_access":"","_jetpack_dont_email_post_to_subs":false,"_jetpack_newsletter_tier_id":0,"_jetpack_memberships_contains_paywalled_content":false,"_jetpack_memberships_contains_paid_content":false,"footnotes":""},"categories":[1],"tags":[],"class_list":["post-12166","post","type-post","status-publish","format-standard","has-post-thumbnail","hentry","category-destaque"],"jetpack_sharing_enabled":true,"jetpack_featured_media_url":"","_links":{"self":[{"href":"https:\/\/www.oparanews.com.br\/index.php\/wp-json\/wp\/v2\/posts\/12166","targetHints":{"allow":["GET"]}}],"collection":[{"href":"https:\/\/www.oparanews.com.br\/index.php\/wp-json\/wp\/v2\/posts"}],"about":[{"href":"https:\/\/www.oparanews.com.br\/index.php\/wp-json\/wp\/v2\/types\/post"}],"author":[{"embeddable":true,"href":"https:\/\/www.oparanews.com.br\/index.php\/wp-json\/wp\/v2\/users\/1"}],"replies":[{"embeddable":true,"href":"https:\/\/www.oparanews.com.br\/index.php\/wp-json\/wp\/v2\/comments?post=12166"}],"version-history":[{"count":0,"href":"https:\/\/www.oparanews.com.br\/index.php\/wp-json\/wp\/v2\/posts\/12166\/revisions"}],"wp:attachment":[{"href":"https:\/\/www.oparanews.com.br\/index.php\/wp-json\/wp\/v2\/media?parent=12166"}],"wp:term":[{"taxonomy":"category","embeddable":true,"href":"https:\/\/www.oparanews.com.br\/index.php\/wp-json\/wp\/v2\/categories?post=12166"},{"taxonomy":"post_tag","embeddable":true,"href":"https:\/\/www.oparanews.com.br\/index.php\/wp-json\/wp\/v2\/tags?post=12166"}],"curies":[{"name":"wp","href":"https:\/\/api.w.org\/{rel}","templated":true}]}}