{"id":12184,"date":"2021-01-17T16:57:48","date_gmt":"2021-01-17T16:57:48","guid":{"rendered":"https:\/\/oparanews.com.br\/?p=12184"},"modified":"2021-01-17T16:57:48","modified_gmt":"2021-01-17T16:57:48","slug":"aqui-qualquer-coisa-e-impeachment-deixa-o-cara-governar","status":"publish","type":"post","link":"https:\/\/www.oparanews.com.br\/index.php\/2021\/01\/17\/aqui-qualquer-coisa-e-impeachment-deixa-o-cara-governar\/","title":{"rendered":"&#8220;Aqui qualquer coisa \u00e9 impeachment. Deixa o cara governar!&#8221;"},"content":{"rendered":"<p>BRAS\u00cdLIA &#8211; O vice-presidente Hamilton Mour\u00e3o \u00e9 um leitor voraz. Aos 67 anos, recuperado de covid-19, o general est\u00e1 lendo nove livros, entre eles Capitalismo na Am\u00e9rica, de Alan Greenspan e Adrian Wooldridge, que conta a hist\u00f3ria do desenvolvimento dos Estados Unidos. Mas n\u00e3o acha que o presidente Jair Bolsonaro ter\u00e1 o mesmo destino de Donald Trump, que, a poucos dias de deixar a Casa Branca, viu o segundo pedido de impeachment aprovado pela C\u00e2mara.<\/p>\n<p>&#8220;N\u00e3o vejo hoje que haja condi\u00e7\u00e3o de prosperar qualquer pedido de impeachment contra o presidente Bolsonaro&#8221;, disse ele ao Estad\u00e3o, na sexta-feira, 15, bem antes dos panela\u00e7os daquela noite. &#8220;Aqui no Brasil qualquer coisa \u00e9 impeachment, n\u00e9? Deixa o cara governar, p\u00f4!&#8221;<\/p>\n<p>Apesar do colapso do sistema de sa\u00fade em Manaus e do atraso na vacina\u00e7\u00e3o, Mour\u00e3o avaliou que a condu\u00e7\u00e3o da crise &#8220;talvez&#8221; tenha pecado por falta de comunica\u00e7\u00e3o e criticou o governador de S\u00e3o Paulo, Jo\u00e3o Doria, que, para ele, acabou &#8220;metendo os p\u00e9s pelas m\u00e3os&#8221; no caso da Coronavac.<\/p>\n<p>Filiado ao PRTB, o general defendeu a alian\u00e7a do Planalto com partidos carimbados por Bolsonaro como &#8220;velha pol\u00edtica&#8221;, na campanha de 2018. &#8220;N\u00e3o tem como fugir do Centr\u00e3o&#8221;.<\/p>\n<p>Como enfrentar a trag\u00e9dia de Manaus, onde pacientes est\u00e3o morrendo sem oxig\u00eanio?<\/p>\n<p>Todo mundo d\u00e1 pitaco sobre a Amaz\u00f4nia sem nunca ter pisado l\u00e1. Existem dist\u00e2ncias envolvidas enormes e uma desconex\u00e3o com a \u00e1rea central do Brasil. Voc\u00ea s\u00f3 chega a Manaus de barco ou avi\u00e3o. A\u00ed quando se fala em asfaltar a BR-319, porque \u00e9 a \u00fanica liga\u00e7\u00e3o terrestre de Manaus com o resto do Pa\u00eds, (dizem) &#8216;Oh, c\u00e9us, ser\u00e1 a destrui\u00e7\u00e3o da floresta&#8217;. Mas esquecem os milh\u00f5es de pessoas que moram l\u00e1. N\u00e3o tem UTI no interior do Amazonas.<\/p>\n<p>O sr. j\u00e1 teve covid. Ap\u00f3s a doen\u00e7a, em algum momento considerou que o governo possa ter errado na condu\u00e7\u00e3o da pandemia?<\/p>\n<p>O governo procurou trabalhar nas tr\u00eas grandes curvas: da sa\u00fade, da economia e a social. Fomos muito criticados, mas o tratamento precoce impede que a pessoa adquira sintomas mais graves e v\u00e1 para o hospital, independentemente de discutir se \u00e9 o rem\u00e9dio A, B ou C. Talvez (pudesse ter tido) uma comunica\u00e7\u00e3o mais eficiente. Todo mundo diz que tal lugar come\u00e7ou a vacinar. Mas quantos se vacinaram nesses locais? O \u00fanico pa\u00eds que realmente est\u00e1 em uma fase final de vacina\u00e7\u00e3o \u00e9 Israel. Mas qual \u00e9 a popula\u00e7\u00e3o de Israel? Menor que a da capital de S\u00e3o Paulo.<\/p>\n<p>O governador Jo\u00e3o Doria tem feito fortes cr\u00edticas ao presidente e h\u00e1 uma corrida para ver quem vacina primeiro. O combate \u00e0 pandemia virou propaganda para a elei\u00e7\u00e3o de 2022?<\/p>\n<p>O governador Doria virou garoto-propaganda da vacina e acabou metendo os p\u00e9s pelas m\u00e3os. Apareceu na TV para dizer que a vacina tinha um valor &#8216;x&#8217; de efic\u00e1cia, quando n\u00e3o era verdade. Em nenhum momento ele compareceu para se retratar. Isso n\u00e3o revela boa gest\u00e3o.<\/p>\n<p>A rela\u00e7\u00e3o entre o sr. e o presidente tem altos e baixos. Ele disse que n\u00e3o quer mais o sr. na chapa, se disputar a reelei\u00e7\u00e3o?<\/p>\n<p>Em nenhum momento ele abordou comigo esse assunto.<\/p>\n<p>Qual \u00e9 o seu plano pol\u00edtico? Pretende concorrer ao Senado?<\/p>\n<p>O plano \u00e9 ir para casa. Por enquanto, n\u00e3o tem essa hist\u00f3ria de Senado.<\/p>\n<p>Mas o sr. gostaria de ser candidato a vice novamente?<\/p>\n<p>Se o presidente for concorrer \u00e0 elei\u00e7\u00e3o e julgar que a minha presen\u00e7a junto com ele soma, eu estou pronto para participar desse processo.<\/p>\n<p>O presidente da C\u00e2mara, Rodrigo Maia, articula um bloco de partidos para tentar derrotar o presidente. Quem ser\u00e1 o maior advers\u00e1rio do governo?<\/p>\n<p>Hoje eu n\u00e3o vejo advers\u00e1rio para o presidente Bolsonaro. O que \u00e9 mais destacado como concorrente \u00e9 o governador Doria, mas eu julgo que o presidente continua vencendo. Talvez o pior opositor para n\u00f3s mesmos seja n\u00e3o conseguir realizar o que temos de realizar.<\/p>\n<p>E Luciano Huck?<\/p>\n<p>Acho que Luciano Huck \u00e9 fogo de palha. Na hora H, sai fora.<\/p>\n<p>Que projetos precisam ser aprovados pelo Congresso para ajudar a economia?<\/p>\n<p>A PEC emergencial (proposta de emenda \u00e0 Constitui\u00e7\u00e3o para ajustar as contas p\u00fablicas) tem de sair. Tamb\u00e9m \u00e9 preciso levar adiante a reforma tribut\u00e1ria. Precisamos adiantar essas pautas e acho que o Congresso ser\u00e1 sens\u00edvel a isso.<\/p>\n<p>H\u00e1 mais de 50 pedidos de impeachment contra Bolsonaro na C\u00e2mara. O sr. n\u00e3o teme que, diante dessa crise, ele sofra o mesmo processo que Donald Trump enfrenta nos EUA?<\/p>\n<p>N\u00e3o vejo hoje que haja condi\u00e7\u00e3o de prosperar qualquer pedido de impeachment contra o presidente Bolsonaro, o mais atacado, ao longo dos \u00faltimos anos. Desde o dia anterior \u00e0 posse o tiroteio j\u00e1 era grande em cima dele. Quantos pedidos de impeachment o Sarney, o Fernando Henrique, o Lula tiveram? S\u00f3 a Dilma, coitada, \u00e9 que n\u00e3o conseguiu sobreviver. E o Collor, obviamente. Aqui no Brasil qualquer coisa \u00e9 impeachment, n\u00e9? Deixa o cara governar, p\u00f4! Os pesos e contrapesos do nosso sistema democr\u00e1tico s\u00e3o mais do que suficientes para barrar qualquer tentativa de um governante de sair do leito da Constitui\u00e7\u00e3o.<\/p>\n<p>A aproxima\u00e7\u00e3o cada vez maior do Planalto com o Centr\u00e3o n\u00e3o contradiz o discurso de campanha, que era de combate \u00e0 velha pol\u00edtica e ao toma l\u00e1, d\u00e1 c\u00e1?<\/p>\n<p>N\u00e3o vejo dessa forma. No come\u00e7o, o governo buscou o relacionamento com o Congresso na base das bancadas tem\u00e1ticas. Mas as frentes parlamentares votam junto apenas para assuntos espec\u00edficos. A\u00ed chegou-se \u00e0 conclus\u00e3o que era necess\u00e1rio reunir um grupo de partidos que apoiassem as pautas principais do governo. E qualquer reuni\u00e3o de grupos de partido, no Congresso que temos hoje, passa pelo Centr\u00e3o. N\u00e3o tem como fugir do Centr\u00e3o.<\/p>\n<p>O presidente declarou apoio a Arthur Lira, l\u00edder do Centr\u00e3o, para presidir a C\u00e2mara. Isso n\u00e3o \u00e9 prejudicial, j\u00e1 que, se Lira perder, a derrota ser\u00e1 do governo e quem ganhar poder\u00e1 virar advers\u00e1rio no Congresso?<\/p>\n<p>O presidente sempre diz que melhor que se omitir \u00e9 tomar uma decis\u00e3o. Ele tomou a decis\u00e3o de apoiar o deputado Arthur Lira. Por outro lado, n\u00e3o vejo que o candidato Baleia Rossi seria prejudicial ao governo. \u00c9 um parlamentar equilibrado, de centro, que tem vis\u00e3o correta dos problemas nacionais.<\/p>\n<p>No Senado as rela\u00e7\u00f5es com o governo n\u00e3o est\u00e3o t\u00e3o tensas quanto na C\u00e2mara, n\u00e3o \u00e9?<\/p>\n<p>No Senado temos Rodrigo Pacheco versus Simone (Tebet). Os dois s\u00e3o de centro. \u00c9 uma elei\u00e7\u00e3o muito tranquila. A C\u00e2mara \u00e9 mais complicada pelo elevado n\u00famero de parlamentares. H\u00e1 grande fragmenta\u00e7\u00e3o.<\/p>\n<p>Mas tamb\u00e9m h\u00e1 o embate entre Bolsonaro e Maia&#8230;<\/p>\n<p>O deputado Rodrigo Maia ataca muito frontalmente o presidente, inclusive com palavras fora do tom, chamando-o de covarde, mentiroso.<\/p>\n<p>Na reforma ministerial prevista para depois das elei\u00e7\u00f5es no Congresso, em fevereiro, o presidente do Senado, Davi Alcolumbre, entrar\u00e1 na equipe de governo?<\/p>\n<p>O presidente n\u00e3o me comunica essas mudan\u00e7as que ele faz. Essa decis\u00e3o \u00e9 tomada ali no c\u00edrculo dos assessores mais pr\u00f3ximos.<\/p>\n<p>Depois que Trump foi banido das redes sociais, Bolsonaro e ministros migraram para o Telegram. O sr. tamb\u00e9m aderiu?<\/p>\n<p>Eu n\u00e3o dou bola para isso, n\u00e3o. At\u00e9 porque olho para aquele tro\u00e7o (WhatsApp) todo dia e, em qualquer momento que pego meu celular, est\u00e1 com 999 mensagens. Paradas (risos). Eu fui do Telegram quando o pessoal do grupo da minha turma era do Telegram. Depois eles migraram para o WhatsApp, eu fui para o WhatsApp. Agora, o silenciamento que foi feito do presidente Trump, para mim, \u00e9 incoerente. Se algumas manifesta\u00e7\u00f5es dele s\u00e3o radicais, existem outras pessoas que usam as m\u00eddias tamb\u00e9m para manifesta\u00e7\u00f5es radicais e que n\u00e3o foram silenciadas pelos magnatas dessas plataformas. Nem o Zuckerberg nem o Jeff Bezos t\u00eam mandato para silenciar as pessoas. A lei tem de chegar para eles tamb\u00e9m.<\/p>\n<p>Com a posse de Joe Biden nos EUA, a pol\u00edtica externa vai mudar?<\/p>\n<p>Bismarck, no s\u00e9culo 19, dizia que, quando existem cinco pot\u00eancias dominantes, \u00e9 importante que voc\u00ea esteja alinhado com tr\u00eas. Hoje, h\u00e1 duas pot\u00eancias dominantes (EUA e China), que est\u00e3o se digladiando. Ent\u00e3o, n\u00f3s temos que saber nos posicionar, com pragmatismo. N\u00e3o \u00e9 uma quest\u00e3o de liga\u00e7\u00e3o pessoal. \u00c9 uma quest\u00e3o do Estado brasileiro com o Estado americano. E a liga\u00e7\u00e3o com a China tamb\u00e9m. N\u00f3s temos uma parceria estrat\u00e9gica, desde 2009. Eu acho que procuramos melhorar (para) a China n\u00e3o olhar o Brasil simplesmente como um supermercado que ela vem e faz compras. N\u00e3o podemos entrar em brigas de varejo. As brigas t\u00eam de ser no atacado.<\/p>\n<p>E para isso n\u00e3o ser\u00e1 preciso trocar o ministro das Rela\u00e7\u00f5es Exteriores, Ernesto Ara\u00fajo?<\/p>\n<p>N\u00e3o. \u00c9 uma quest\u00e3o meramente de realinhamento de posi\u00e7\u00e3o.<\/p>\n<p>Mas e os ataques do governo \u00e0 Coronavac, que j\u00e1 foi chamada de &#8220;vacina chinesa do Doria&#8221;?<\/p>\n<p>\u00c9 aquela velha hist\u00f3ria: todos os insumos v\u00eam da China. Essa pr\u00f3pria vacina da Oxford, da AstraZeneca, usa insumos chineses.<\/p>\n<p>O sr. comanda o Conselho da Amaz\u00f4nia e respondeu em franc\u00eas ao presidente Emmanuel Macron, para quem comprar soja brasileira significa apoiar o desmatamento. Por que ele faz essas cr\u00edticas?<\/p>\n<p>Ele est\u00e1 com a popularidade baixa e precisa se reerguer. A\u00ed ele fala duas coisas que s\u00e3o inver\u00eddicas, maledic\u00eancias, querendo colocar que comprar soja do Brasil \u00e9 cooperar com o desmatamento, quando, na realidade, s\u00f3 0,4% da nossa produ\u00e7\u00e3o de soja vem da Amaz\u00f4nia. E depois dizer que a Fran\u00e7a vai produzir soja? \u00c9 meio dif\u00edcil. Ele vai derrubar os vinhedos? Vai derrubar beterraba?<\/p>\n<p>Como reverter o desgaste internacional em rela\u00e7\u00e3o \u00e0 Amaz\u00f4nia?<\/p>\n<p>A Opera\u00e7\u00e3o Verde Brasil 2 permitiu redu\u00e7\u00e3o no desmatamento, ao longo do ano passado. Tamb\u00e9m houve redu\u00e7\u00e3o no n\u00famero de queimadas. No pr\u00f3ximo dia 27 eu tenho uma live com o pessoal do World Economic Forum. E no dia 29 eu fa\u00e7o nova reuni\u00e3o virtual com aqueles investidores que haviam feito uma carta sobre os problemas da Amaz\u00f4nia.<\/p>\n<p>A proposta do governo de controlar 100% das a\u00e7\u00f5es de ONGs que atuam na Amaz\u00f4nia foi bastante criticada.<\/p>\n<p>O governo tem que saber quais s\u00e3o as ONGs que atuam na Amaz\u00f4nia e qual \u00e9 o trabalho que cada uma faz. Aqui n\u00e3o pode ser a Casa da M\u00e3e Joana em que cada um chega e diz &#8220;Vou fazer o que eu quero&#8221;.<\/p>\n<p>Haver\u00e1 alguma mudan\u00e7a na agenda ambiental?<\/p>\n<p>N\u00f3s n\u00e3o mudamos a pol\u00edtica ambiental do Pa\u00eds. O que acontece \u00e9 que existe uma cr\u00edtica muito pesada em rela\u00e7\u00e3o a procedimentos, desconhecendo o que acontecia anteriormente. Ent\u00e3o, foi uma das \u00e1reas onde se buscou fazer uma oposi\u00e7\u00e3o mais radical ao nosso governo. Agora, n\u00f3s n\u00e3o sa\u00edmos do Acordo de Paris. O Trump, por exemplo, tinha tirado os Estados Unidos. N\u00f3s continuamos com nossos compromissos no Acordo de Paris, no Protocolo de Kyoto&#8230;<\/p>\n<p>O Brasil est\u00e1 quebrado, como disse o presidente?<\/p>\n<p>N\u00e3o. Isso \u00e9 uma figura de ret\u00f3rica. O governo tem dificuldades. Mas o Brasil n\u00e3o est\u00e1 quebrado. O Brasil \u00e9 muito grande para quebrar.<\/p>\n<p>E o que o sr. achou desse projeto de lei org\u00e2nica das Pol\u00edcias Militares? Uma ideia \u00e9 criar na PM a patente de general, hoje exclusiva das For\u00e7as Armadas.<\/p>\n<p>Isso \u00e9 um tro\u00e7o que vem de 2001, do governo do Fernando Henrique, e \u00e9 mais uma discuss\u00e3o que n\u00e3o vai vingar. S\u00f3 que a lei que hoje rege as pol\u00edcias militares \u00e9 de 1969 e est\u00e1 defasada. Ent\u00e3o, \u00e9 necess\u00e1rio discutir isso a\u00ed sem paix\u00f5es e sem ultrapassar os limites constitucionais. Criar cargo de general (para PM) n\u00e3o passa. Sou a favor de uma lei mais moderna e que evite a interfer\u00eancia pol\u00edtica.<\/p>\n<p>O ex-ministro do Supremo Tribunal Federal Celso de Mello disse ao &#8216;Estad\u00e3o&#8217; que tirar poder de governadores sobre as pol\u00edcias \u00e9 um &#8216;retrocesso inaceit\u00e1vel&#8217;.<\/p>\n<p>O Celso de Mello &#8220;is history&#8221; (risos).<\/p>\n<p>&nbsp;<\/p>\n<p><strong>Fonte: Terra<\/strong><\/p>\n<p>&nbsp;<\/p>\n","protected":false},"excerpt":{"rendered":"<p>BRAS\u00cdLIA &#8211; O vice-presidente Hamilton Mour\u00e3o \u00e9 um leitor voraz. Aos 67 anos, recuperado de covid-19, o general est\u00e1 lendo nove livros, entre eles Capitalismo na Am\u00e9rica, de Alan Greenspan e Adrian Wooldridge, que conta a hist\u00f3ria do desenvolvimento dos Estados Unidos. Mas n\u00e3o acha que o presidente Jair Bolsonaro ter\u00e1 o mesmo destino de &hellip;<\/p>\n","protected":false},"author":1,"featured_media":12185,"comment_status":"closed","ping_status":"closed","sticky":false,"template":"","format":"standard","meta":{"_jetpack_newsletter_access":"","_jetpack_dont_email_post_to_subs":false,"_jetpack_newsletter_tier_id":0,"_jetpack_memberships_contains_paywalled_content":false,"_jetpack_memberships_contains_paid_content":false,"footnotes":""},"categories":[1],"tags":[],"class_list":["post-12184","post","type-post","status-publish","format-standard","has-post-thumbnail","hentry","category-destaque"],"jetpack_sharing_enabled":true,"jetpack_featured_media_url":"","_links":{"self":[{"href":"https:\/\/www.oparanews.com.br\/index.php\/wp-json\/wp\/v2\/posts\/12184","targetHints":{"allow":["GET"]}}],"collection":[{"href":"https:\/\/www.oparanews.com.br\/index.php\/wp-json\/wp\/v2\/posts"}],"about":[{"href":"https:\/\/www.oparanews.com.br\/index.php\/wp-json\/wp\/v2\/types\/post"}],"author":[{"embeddable":true,"href":"https:\/\/www.oparanews.com.br\/index.php\/wp-json\/wp\/v2\/users\/1"}],"replies":[{"embeddable":true,"href":"https:\/\/www.oparanews.com.br\/index.php\/wp-json\/wp\/v2\/comments?post=12184"}],"version-history":[{"count":0,"href":"https:\/\/www.oparanews.com.br\/index.php\/wp-json\/wp\/v2\/posts\/12184\/revisions"}],"wp:attachment":[{"href":"https:\/\/www.oparanews.com.br\/index.php\/wp-json\/wp\/v2\/media?parent=12184"}],"wp:term":[{"taxonomy":"category","embeddable":true,"href":"https:\/\/www.oparanews.com.br\/index.php\/wp-json\/wp\/v2\/categories?post=12184"},{"taxonomy":"post_tag","embeddable":true,"href":"https:\/\/www.oparanews.com.br\/index.php\/wp-json\/wp\/v2\/tags?post=12184"}],"curies":[{"name":"wp","href":"https:\/\/api.w.org\/{rel}","templated":true}]}}