{"id":12199,"date":"2021-01-18T17:05:36","date_gmt":"2021-01-18T17:05:36","guid":{"rendered":"https:\/\/oparanews.com.br\/?p=12199"},"modified":"2021-01-18T17:05:36","modified_gmt":"2021-01-18T17:05:36","slug":"homem-e-preso-e-tres-adolescentes-sao-apreendidos-suspeitos-de-assaltos","status":"publish","type":"post","link":"https:\/\/www.oparanews.com.br\/index.php\/2021\/01\/18\/homem-e-preso-e-tres-adolescentes-sao-apreendidos-suspeitos-de-assaltos\/","title":{"rendered":"Homem \u00e9 preso e tr\u00eas adolescentes s\u00e3o apreendidos suspeitos de assaltos"},"content":{"rendered":"<p>Um homem de 33 anos foi preso e tr\u00eas adolescentes, de 14, 16 e 17 anos, foram apreendidos suspeitos de cometerem assaltos em Arapiraca, Agreste de Alagoas. A pris\u00e3o aconteceu na noite de domingo (17). Uma faca, uma arma de brinquedo e R$ 54,00 em esp\u00e9cie foram apreendidos.<\/p>\n<p>De acordo com o 3\u00ba Batalh\u00e3o de Pol\u00edcia Militar, a equipe policial chegou aos suspeitos depois de duas pessoas falarem que tinham sido assaltadas.<\/p>\n<p>Todos os envolvidos foram levados para a Central de Pol\u00edcia, em Arapiraca.<\/p>\n<p>&nbsp;<\/p>\n<p><strong>Fonte: G1\/AL<\/strong><\/p>\n<p>&nbsp;<\/p>\n","protected":false},"excerpt":{"rendered":"<p>Um homem de 33 anos foi preso e tr\u00eas adolescentes, de 14, 16 e 17 anos, foram apreendidos suspeitos de cometerem assaltos em Arapiraca, Agreste de Alagoas. A pris\u00e3o aconteceu na noite de domingo (17). Uma faca, uma arma de brinquedo e R$ 54,00 em esp\u00e9cie foram apreendidos. De acordo com o 3\u00ba Batalh\u00e3o de &hellip;<\/p>\n","protected":false},"author":1,"featured_media":12200,"comment_status":"closed","ping_status":"closed","sticky":false,"template":"","format":"standard","meta":{"_jetpack_newsletter_access":"","_jetpack_dont_email_post_to_subs":false,"_jetpack_newsletter_tier_id":0,"_jetpack_memberships_contains_paywalled_content":false,"_jetpack_memberships_contains_paid_content":false,"footnotes":""},"categories":[1],"tags":[],"class_list":["post-12199","post","type-post","status-publish","format-standard","has-post-thumbnail","hentry","category-destaque"],"jetpack_sharing_enabled":true,"jetpack_featured_media_url":"","_links":{"self":[{"href":"https:\/\/www.oparanews.com.br\/index.php\/wp-json\/wp\/v2\/posts\/12199","targetHints":{"allow":["GET"]}}],"collection":[{"href":"https:\/\/www.oparanews.com.br\/index.php\/wp-json\/wp\/v2\/posts"}],"about":[{"href":"https:\/\/www.oparanews.com.br\/index.php\/wp-json\/wp\/v2\/types\/post"}],"author":[{"embeddable":true,"href":"https:\/\/www.oparanews.com.br\/index.php\/wp-json\/wp\/v2\/users\/1"}],"replies":[{"embeddable":true,"href":"https:\/\/www.oparanews.com.br\/index.php\/wp-json\/wp\/v2\/comments?post=12199"}],"version-history":[{"count":0,"href":"https:\/\/www.oparanews.com.br\/index.php\/wp-json\/wp\/v2\/posts\/12199\/revisions"}],"wp:attachment":[{"href":"https:\/\/www.oparanews.com.br\/index.php\/wp-json\/wp\/v2\/media?parent=12199"}],"wp:term":[{"taxonomy":"category","embeddable":true,"href":"https:\/\/www.oparanews.com.br\/index.php\/wp-json\/wp\/v2\/categories?post=12199"},{"taxonomy":"post_tag","embeddable":true,"href":"https:\/\/www.oparanews.com.br\/index.php\/wp-json\/wp\/v2\/tags?post=12199"}],"curies":[{"name":"wp","href":"https:\/\/api.w.org\/{rel}","templated":true}]}}