{"id":12301,"date":"2021-01-21T14:37:35","date_gmt":"2021-01-21T14:37:35","guid":{"rendered":"https:\/\/oparanews.com.br\/?p=12301"},"modified":"2021-01-21T14:37:35","modified_gmt":"2021-01-21T14:37:35","slug":"prefeitura-de-penedo-inicia-campanha-de-vacinacao-contra-covid-19","status":"publish","type":"post","link":"https:\/\/www.oparanews.com.br\/index.php\/2021\/01\/21\/prefeitura-de-penedo-inicia-campanha-de-vacinacao-contra-covid-19\/","title":{"rendered":"Prefeitura de Penedo inicia campanha de vacina\u00e7\u00e3o contra Covid-19"},"content":{"rendered":"<p>A campanha de vacina\u00e7\u00e3o contra a Covid-19 teve in\u00edcio em Penedo nesta quinta-feira, 21. Trabalhadores da \u00e1rea de sa\u00fade s\u00e3o grupo priorit\u00e1rio para a primeira fase da imuniza\u00e7\u00e3o realizado pela Prefeitura de Penedo, por meio da Secretaria Municipal de Sa\u00fade (SEMS).<\/p>\n<p>A primeira dose da vacina foi aplicada em Jos\u00e9 Osvaldo Carvalho Oliveira, idoso que trabalha como maqueiro da UPA de Penedo, funcion\u00e1rio mais conhecido como Z\u00e9 Alegria. Seringa na m\u00e3o, a t\u00e9cnica em Enfermagem Gis\u00e9lia dos Santos fez sua parte no ato que entra para a hist\u00f3ria do munic\u00edpio.<\/p>\n<p>\u201c\u00c9 uma honra e uma satisfa\u00e7\u00e3o ter a responsabilidade de fazer a primeira vacina contra Covid-19 em Penedo\u201d, comentou Gis\u00e9lia. Ela tamb\u00e9m acompanhou \u2018seu\u2019 Z\u00e9 Alegria at\u00e9 a sala de observa\u00e7\u00e3o, etapa seguinte do processo que ocorre na Escola Estadual Ernani M\u00e9ro, im\u00f3vel adaptado para funcionar como a Central de Vacina\u00e7\u00e3o Contra Covid-19 de Penedo.<\/p>\n<p><strong>Vacinas<\/strong><\/p>\n<p>\u201cEsse modelo vai atender as nossas necessidades, pelo menos neste primeiro momento da vacina\u00e7\u00e3o. Dependendo da quantidade de vacina que iremos receber, n\u00f3s poderemos replicar para outros locais, criando outras unidades\u201d, explica o gestor da SEMS Penedo, Guilherme Lopes.<\/p>\n<p>\u201cEstamos come\u00e7ando uma nova etapa do combate ao coronav\u00edrus, mas isso n\u00e3o significa que a pandemia acabou. Na verdade, os n\u00fameros est\u00e3o subindo, o que \u00e9 at\u00e9 natural pelo relaxamento que a popula\u00e7\u00e3o teve. O nosso centro de s\u00edndrome gripal chegou a atender 4, 5 pessoas por dia, no final do ano passado, por isso passou a funcionar no anexo do posto da Cohab. Como a procura aumentou, voltamos para a antiga Unidade SESI\/SENAI, onde j\u00e1 tivemos at\u00e9 60 atendimentos por dia\u201d, alerta Guilherme Lopes, acrescentando a necessidade do uso de m\u00e1scara e dos outros cuidados para evitar a Covid.<\/p>\n<p>Os impactos da doen\u00e7a, em pacientes e familiares, \u00e9 parte da rotina de trabalho da assistente social Iolanda Oliveira de Almeida. Atuando h\u00e1 cerca de sete anos na UPA de Penedo, ela tamb\u00e9m foi vacinada hoje.<\/p>\n<p>\u201cA vacina \u00e9 uma vit\u00f3ria para todos n\u00f3s porque o ano de 2020 n\u00e3o foi f\u00e1cil. A gente que acolhe pessoas acometidas pela Covid-19 e tamb\u00e9m parentes, exercendo um papel importante de media\u00e7\u00e3o, com a equipe m\u00e9dica, com a enfermagem, com a fam\u00edlia e pacientes que, quando recebem o diagn\u00f3stico, muitas vezes n\u00e3o aceitam, ent\u00e3o a gente faz esse papel de orienta\u00e7\u00e3o, inclusive dos protocolos necess\u00e1rios\u201d, comentou Iolanda.<\/p>\n<p>Tanto a assistente social quanto o maqueiro da UPA retornar\u00e3o \u00e0 Central de Vacina\u00e7\u00e3o Contra Covid-19 de Penedo em 21 dias, per\u00edodo estabelecido para a segunda dose da imuniza\u00e7\u00e3o contra o coronav\u00edrus.<\/p>\n<p>Al\u00e9m dos funcion\u00e1rios da UPA de Penedo, o grupo priorit\u00e1rio vacinado nessa primeira etapa \u00e9 formado ainda por trabalhadores do Hospital Regional e da maternidade da Santa Casa de Penedo, pessoal que trabalha na Unidade de Refer\u00eancia em S\u00edndromes Gripais e na Central de Vacina\u00e7\u00e3o.<\/p>\n<p>&nbsp;<\/p>\n<p><strong>por Fernando Vin\u00edcius &#8211; Decom\/PMP<\/strong><\/p>\n<p>&nbsp;<\/p>\n","protected":false},"excerpt":{"rendered":"<p>A campanha de vacina\u00e7\u00e3o contra a Covid-19 teve in\u00edcio em Penedo nesta quinta-feira, 21. Trabalhadores da \u00e1rea de sa\u00fade s\u00e3o grupo priorit\u00e1rio para a primeira fase da imuniza\u00e7\u00e3o realizado pela Prefeitura de Penedo, por meio da Secretaria Municipal de Sa\u00fade (SEMS). A primeira dose da vacina foi aplicada em Jos\u00e9 Osvaldo Carvalho Oliveira, idoso que &hellip;<\/p>\n","protected":false},"author":1,"featured_media":12302,"comment_status":"closed","ping_status":"closed","sticky":false,"template":"","format":"standard","meta":{"_jetpack_newsletter_access":"","_jetpack_dont_email_post_to_subs":false,"_jetpack_newsletter_tier_id":0,"_jetpack_memberships_contains_paywalled_content":false,"_jetpack_memberships_contains_paid_content":false,"footnotes":""},"categories":[1],"tags":[],"class_list":["post-12301","post","type-post","status-publish","format-standard","has-post-thumbnail","hentry","category-destaque"],"jetpack_sharing_enabled":true,"jetpack_featured_media_url":"","_links":{"self":[{"href":"https:\/\/www.oparanews.com.br\/index.php\/wp-json\/wp\/v2\/posts\/12301","targetHints":{"allow":["GET"]}}],"collection":[{"href":"https:\/\/www.oparanews.com.br\/index.php\/wp-json\/wp\/v2\/posts"}],"about":[{"href":"https:\/\/www.oparanews.com.br\/index.php\/wp-json\/wp\/v2\/types\/post"}],"author":[{"embeddable":true,"href":"https:\/\/www.oparanews.com.br\/index.php\/wp-json\/wp\/v2\/users\/1"}],"replies":[{"embeddable":true,"href":"https:\/\/www.oparanews.com.br\/index.php\/wp-json\/wp\/v2\/comments?post=12301"}],"version-history":[{"count":0,"href":"https:\/\/www.oparanews.com.br\/index.php\/wp-json\/wp\/v2\/posts\/12301\/revisions"}],"wp:attachment":[{"href":"https:\/\/www.oparanews.com.br\/index.php\/wp-json\/wp\/v2\/media?parent=12301"}],"wp:term":[{"taxonomy":"category","embeddable":true,"href":"https:\/\/www.oparanews.com.br\/index.php\/wp-json\/wp\/v2\/categories?post=12301"},{"taxonomy":"post_tag","embeddable":true,"href":"https:\/\/www.oparanews.com.br\/index.php\/wp-json\/wp\/v2\/tags?post=12301"}],"curies":[{"name":"wp","href":"https:\/\/api.w.org\/{rel}","templated":true}]}}