{"id":12319,"date":"2021-01-22T12:54:04","date_gmt":"2021-01-22T12:54:04","guid":{"rendered":"https:\/\/oparanews.com.br\/?p=12319"},"modified":"2021-01-22T12:54:04","modified_gmt":"2021-01-22T12:54:04","slug":"semed-penedo-divulga-calendario-de-matricula-para-ano-letivo-2021","status":"publish","type":"post","link":"https:\/\/www.oparanews.com.br\/index.php\/2021\/01\/22\/semed-penedo-divulga-calendario-de-matricula-para-ano-letivo-2021\/","title":{"rendered":"Semed Penedo divulga calend\u00e1rio de matr\u00edcula para ano letivo 2021"},"content":{"rendered":"<div><span>Aten\u00e7\u00e3o pais de estudantes da rede p\u00fablica municipal! A Prefeitura de Penedo j\u00e1 tem o calend\u00e1rio de matr\u00edcula para turmas do Ensino Infantil e Ensino Fundamental I e II.<\/span><\/div>\n<div><\/div>\n<div><span>O trabalho referente ao ano letivo 2021 da Secretaria Municipal de Educa\u00e7\u00e3o (Semed) come\u00e7a no pr\u00f3ximo dia 25 de janeiro e continua at\u00e9 cinco de fevereiro.<\/span><\/div>\n<div><\/div>\n<div><strong>Documentos<\/strong><\/div>\n<div><\/div>\n<div><span>Para efetivar a matr\u00edcula, o respons\u00e1vel legal pelo estudante deve apresentar a declara\u00e7\u00e3o de transfer\u00eancia ou hist\u00f3rico escolar, caso venha de outra escola, e foto 3\u00d74.<\/span><\/div>\n<div><\/div>\n<div><span>Tamb\u00e9m \u00e9 preciso levar c\u00f3pia dos seguintes documentos: CPF (do estudante e do respons\u00e1vel), certid\u00e3o de nascimento, Cart\u00e3o SUS, NIS (Bolsa Fam\u00edlia), cart\u00e3o de vacinas, comprovante de resid\u00eancia atualizado e c\u00f3pia do RG (carteira de identidade) do respons\u00e1vel pelo estudante.<\/span><\/div>\n<div><\/div>\n<div><span>A Semed Penedo informa ainda que o material did\u00e1tico do(a) aluno(a) ser\u00e1 entregue no ato da matr\u00edcula e que o ano letivo ter\u00e1 in\u00edcio no m\u00eas de mar\u00e7o, ainda sem formato a ser adotado por conta do risco de contamina\u00e7\u00e3o pelo coronav\u00edrus.<\/span><\/div>\n<div><\/div>\n<div><span>Considerando que a pandemia da Covid-19 ainda n\u00e3o acabou, ser\u00e1 preciso aguardar para definir se as aulas ocorrer\u00e3o de forma presencial, online ou por meio de sistema h\u00edbrido.<\/span><\/div>\n<div><\/div>\n<div><\/div>\n<div><\/div>\n<div><strong>por Fernando Vin\u00edcius, com assessoria Semed Penedo<\/strong><\/div>\n<div><\/div>\n","protected":false},"excerpt":{"rendered":"<p>Aten\u00e7\u00e3o pais de estudantes da rede p\u00fablica municipal! A Prefeitura de Penedo j\u00e1 tem o calend\u00e1rio de matr\u00edcula para turmas do Ensino Infantil e Ensino Fundamental I e II. O trabalho referente ao ano letivo 2021 da Secretaria Municipal de Educa\u00e7\u00e3o (Semed) come\u00e7a no pr\u00f3ximo dia 25 de janeiro e continua at\u00e9 cinco de fevereiro. &hellip;<\/p>\n","protected":false},"author":1,"featured_media":12320,"comment_status":"closed","ping_status":"closed","sticky":false,"template":"","format":"standard","meta":{"_jetpack_newsletter_access":"","_jetpack_dont_email_post_to_subs":false,"_jetpack_newsletter_tier_id":0,"_jetpack_memberships_contains_paywalled_content":false,"_jetpack_memberships_contains_paid_content":false,"footnotes":""},"categories":[1],"tags":[],"class_list":["post-12319","post","type-post","status-publish","format-standard","has-post-thumbnail","hentry","category-destaque"],"jetpack_sharing_enabled":true,"jetpack_featured_media_url":"","_links":{"self":[{"href":"https:\/\/www.oparanews.com.br\/index.php\/wp-json\/wp\/v2\/posts\/12319","targetHints":{"allow":["GET"]}}],"collection":[{"href":"https:\/\/www.oparanews.com.br\/index.php\/wp-json\/wp\/v2\/posts"}],"about":[{"href":"https:\/\/www.oparanews.com.br\/index.php\/wp-json\/wp\/v2\/types\/post"}],"author":[{"embeddable":true,"href":"https:\/\/www.oparanews.com.br\/index.php\/wp-json\/wp\/v2\/users\/1"}],"replies":[{"embeddable":true,"href":"https:\/\/www.oparanews.com.br\/index.php\/wp-json\/wp\/v2\/comments?post=12319"}],"version-history":[{"count":0,"href":"https:\/\/www.oparanews.com.br\/index.php\/wp-json\/wp\/v2\/posts\/12319\/revisions"}],"wp:attachment":[{"href":"https:\/\/www.oparanews.com.br\/index.php\/wp-json\/wp\/v2\/media?parent=12319"}],"wp:term":[{"taxonomy":"category","embeddable":true,"href":"https:\/\/www.oparanews.com.br\/index.php\/wp-json\/wp\/v2\/categories?post=12319"},{"taxonomy":"post_tag","embeddable":true,"href":"https:\/\/www.oparanews.com.br\/index.php\/wp-json\/wp\/v2\/tags?post=12319"}],"curies":[{"name":"wp","href":"https:\/\/api.w.org\/{rel}","templated":true}]}}