{"id":12406,"date":"2021-01-25T20:19:18","date_gmt":"2021-01-25T20:19:18","guid":{"rendered":"https:\/\/oparanews.com.br\/?p=12406"},"modified":"2021-01-25T20:19:18","modified_gmt":"2021-01-25T20:19:18","slug":"famoso-cover-de-elvis-presley-morre-vitima-de-covid-19","status":"publish","type":"post","link":"https:\/\/www.oparanews.com.br\/index.php\/2021\/01\/25\/famoso-cover-de-elvis-presley-morre-vitima-de-covid-19\/","title":{"rendered":"Famoso cover de Elvis Presley morre v\u00edtima de covid-19"},"content":{"rendered":"<p>Gilberto Augusto, um dos covers mais famosos de Elvis Presley no Brasil, faleceu no \u00faltimo domingo (24). O artista foi diagnosticado com Covid-19 e n\u00e3o resistiu \u00e0s complica\u00e7\u00f5es.<\/p>\n<p>\u201c\u00c9 com grande pesar que informamos que hoje uma grande voz se calou! Uma voz que dedicou a vida para levar alegria e emo\u00e7\u00e3o atrav\u00e9s das m\u00fasicas dedicadas ao Elvis! Gilberto Augusto, as cortinas do palco se fecharam por aqui, mas uma grande orquestra celestial te recebera de bra\u00e7os abertos e sua voz continuar\u00e1 ecoando pelo c\u00e9u junto de Deus! Com sua presen\u00e7a marcante semeaste amor e alegria por onde passaste. Seus familiares e amigos lembrar\u00e3o de voc\u00ea com saudades\u201d, informou o comunicado postado nas redes sociais do artista no Instagram.<\/p>\n<p>Em 1993, Gilberto tornou-se conhecido ao conquistar o pr\u00eamio Melhor Elvis do Brasil, no Programa Raul Gil. Em 2007, Gilberto foi escolhido como o Melhor Elvis Cover e, por conta disso, participou da divulga\u00e7\u00e3o do DVD de Elvis, lan\u00e7ado pela Warner no Brasil.<\/p>\n<p>&nbsp;<\/p>\n<p><strong>Fonte: ISTO\u00c9<\/strong><\/p>\n<p>&nbsp;<\/p>\n","protected":false},"excerpt":{"rendered":"<p>Gilberto Augusto, um dos covers mais famosos de Elvis Presley no Brasil, faleceu no \u00faltimo domingo (24). O artista foi diagnosticado com Covid-19 e n\u00e3o resistiu \u00e0s complica\u00e7\u00f5es. \u201c\u00c9 com grande pesar que informamos que hoje uma grande voz se calou! Uma voz que dedicou a vida para levar alegria e emo\u00e7\u00e3o atrav\u00e9s das m\u00fasicas &hellip;<\/p>\n","protected":false},"author":1,"featured_media":12407,"comment_status":"closed","ping_status":"closed","sticky":false,"template":"","format":"standard","meta":{"_jetpack_newsletter_access":"","_jetpack_dont_email_post_to_subs":false,"_jetpack_newsletter_tier_id":0,"_jetpack_memberships_contains_paywalled_content":false,"_jetpack_memberships_contains_paid_content":false,"footnotes":""},"categories":[1],"tags":[],"class_list":["post-12406","post","type-post","status-publish","format-standard","has-post-thumbnail","hentry","category-destaque"],"jetpack_sharing_enabled":true,"jetpack_featured_media_url":"","_links":{"self":[{"href":"https:\/\/www.oparanews.com.br\/index.php\/wp-json\/wp\/v2\/posts\/12406","targetHints":{"allow":["GET"]}}],"collection":[{"href":"https:\/\/www.oparanews.com.br\/index.php\/wp-json\/wp\/v2\/posts"}],"about":[{"href":"https:\/\/www.oparanews.com.br\/index.php\/wp-json\/wp\/v2\/types\/post"}],"author":[{"embeddable":true,"href":"https:\/\/www.oparanews.com.br\/index.php\/wp-json\/wp\/v2\/users\/1"}],"replies":[{"embeddable":true,"href":"https:\/\/www.oparanews.com.br\/index.php\/wp-json\/wp\/v2\/comments?post=12406"}],"version-history":[{"count":0,"href":"https:\/\/www.oparanews.com.br\/index.php\/wp-json\/wp\/v2\/posts\/12406\/revisions"}],"wp:attachment":[{"href":"https:\/\/www.oparanews.com.br\/index.php\/wp-json\/wp\/v2\/media?parent=12406"}],"wp:term":[{"taxonomy":"category","embeddable":true,"href":"https:\/\/www.oparanews.com.br\/index.php\/wp-json\/wp\/v2\/categories?post=12406"},{"taxonomy":"post_tag","embeddable":true,"href":"https:\/\/www.oparanews.com.br\/index.php\/wp-json\/wp\/v2\/tags?post=12406"}],"curies":[{"name":"wp","href":"https:\/\/api.w.org\/{rel}","templated":true}]}}