{"id":12496,"date":"2021-01-28T16:48:00","date_gmt":"2021-01-28T16:48:00","guid":{"rendered":"https:\/\/oparanews.com.br\/?p=12496"},"modified":"2021-01-28T16:48:00","modified_gmt":"2021-01-28T16:48:00","slug":"o-consf-iniciara-o-ano-letivo-de-2021-no-dia-1o-de-fevereiro-com-ensino-hibrido","status":"publish","type":"post","link":"https:\/\/www.oparanews.com.br\/index.php\/2021\/01\/28\/o-consf-iniciara-o-ano-letivo-de-2021-no-dia-1o-de-fevereiro-com-ensino-hibrido\/","title":{"rendered":"CONSF iniciar\u00e1 o ano letivo de 2021 no dia 1\u00ba de Fevereiro com Ensino H\u00edbrido"},"content":{"rendered":"<p>Na pr\u00f3xima segunda-feira, 1\u00ba de fevereiro, o CONSF estar\u00e1 dando in\u00edcio ao ano letivo de 2021, com aulas no ensino h\u00edbrido (remoto e presencial). As turmas que tiverem um n\u00famero acima do permitido, onde n\u00e3o seja poss\u00edvel fazer o distanciamento entre os alunos, o Col\u00e9gio optou por dividi-las em dois grupos, alternando semanalmente os alunos, oferecendo aula presencial e remota em tempo real.<\/p>\n<p>De acordo com informa\u00e7\u00f5es passadas aos pais em reuni\u00e3o no dia 22\/01, via Google Meet, o Col\u00e9gio seguir\u00e1 todos os protocolos exigidos pelos \u00f3rg\u00e3os competentes no combate ao novo Coronav\u00edrus \u2013 Covid-19.<\/p>\n<p>Os alunos ter\u00e3o acesso ao Col\u00e9gio pelo port\u00e3o da quadra esportiva que, ap\u00f3s a entrada estar\u00e1 a disposi\u00e7\u00e3o lavat\u00f3rios e \u00e1lcool em gel para higieniza\u00e7\u00e3o das m\u00e3os, al\u00e9m de tapetes adequados e aferi\u00e7\u00e3o de temperatura, os mesmos far\u00e3o troca de m\u00e1scaras ap\u00f3s tr\u00eas horas de uso.<\/p>\n<p>Todos os funcion\u00e1rios do Col\u00e9gio far\u00e3o uso de m\u00e1scara e os professores usar\u00e3o tamb\u00e9m capote e protetor facial.<\/p>\n<p>Outro protocolo estabelecido pelo Col\u00e9gio ser\u00e1 a n\u00e3o realiza\u00e7\u00e3o do recreio\/intervalo, a hora do lanche dos alunos ser\u00e1 dentro da sala de aula.<\/p>\n<p>Mais uma novidade ser\u00e1 na sa\u00edda dos alunos, o porteiro far\u00e1 contato, via r\u00e1dio, com os professores avisando que o respons\u00e1vel do aluno estar\u00e1 \u00e0 espera no port\u00e3o, com isso elimina o fluxo de alunos e pais no hor\u00e1rio da sa\u00edda.<\/p>\n<p>O Col\u00e9gio informa que, est\u00e1 fazendo todas as adapta\u00e7\u00f5es adequadas para oferecer a seguran\u00e7a necess\u00e1ria aos alunos nesse retorno \u00e0s aulas e conta com a compreens\u00e3o e colabora\u00e7\u00e3o dos pais e familiares.<\/p>\n<p>Para mais informa\u00e7\u00f5es podem entrar em contato com o Col\u00e9gio atrav\u00e9s do telefone: 3551-3813.<\/p>\n<p>&nbsp;<\/p>\n<p><strong>Fonte: Consf Penedo<\/strong><\/p>\n<p>&nbsp;<\/p>\n","protected":false},"excerpt":{"rendered":"<p>Na pr\u00f3xima segunda-feira, 1\u00ba de fevereiro, o CONSF estar\u00e1 dando in\u00edcio ao ano letivo de 2021, com aulas no ensino h\u00edbrido (remoto e presencial). As turmas que tiverem um n\u00famero acima do permitido, onde n\u00e3o seja poss\u00edvel fazer o distanciamento entre os alunos, o Col\u00e9gio optou por dividi-las em dois grupos, alternando semanalmente os alunos, &hellip;<\/p>\n","protected":false},"author":1,"featured_media":12497,"comment_status":"closed","ping_status":"closed","sticky":false,"template":"","format":"standard","meta":{"_jetpack_newsletter_access":"","_jetpack_dont_email_post_to_subs":false,"_jetpack_newsletter_tier_id":0,"_jetpack_memberships_contains_paywalled_content":false,"_jetpack_memberships_contains_paid_content":false,"footnotes":""},"categories":[1],"tags":[],"class_list":["post-12496","post","type-post","status-publish","format-standard","has-post-thumbnail","hentry","category-destaque"],"jetpack_sharing_enabled":true,"jetpack_featured_media_url":"","_links":{"self":[{"href":"https:\/\/www.oparanews.com.br\/index.php\/wp-json\/wp\/v2\/posts\/12496","targetHints":{"allow":["GET"]}}],"collection":[{"href":"https:\/\/www.oparanews.com.br\/index.php\/wp-json\/wp\/v2\/posts"}],"about":[{"href":"https:\/\/www.oparanews.com.br\/index.php\/wp-json\/wp\/v2\/types\/post"}],"author":[{"embeddable":true,"href":"https:\/\/www.oparanews.com.br\/index.php\/wp-json\/wp\/v2\/users\/1"}],"replies":[{"embeddable":true,"href":"https:\/\/www.oparanews.com.br\/index.php\/wp-json\/wp\/v2\/comments?post=12496"}],"version-history":[{"count":0,"href":"https:\/\/www.oparanews.com.br\/index.php\/wp-json\/wp\/v2\/posts\/12496\/revisions"}],"wp:attachment":[{"href":"https:\/\/www.oparanews.com.br\/index.php\/wp-json\/wp\/v2\/media?parent=12496"}],"wp:term":[{"taxonomy":"category","embeddable":true,"href":"https:\/\/www.oparanews.com.br\/index.php\/wp-json\/wp\/v2\/categories?post=12496"},{"taxonomy":"post_tag","embeddable":true,"href":"https:\/\/www.oparanews.com.br\/index.php\/wp-json\/wp\/v2\/tags?post=12496"}],"curies":[{"name":"wp","href":"https:\/\/api.w.org\/{rel}","templated":true}]}}