{"id":12512,"date":"2021-01-29T01:31:29","date_gmt":"2021-01-29T01:31:29","guid":{"rendered":"https:\/\/oparanews.com.br\/?p=12512"},"modified":"2021-01-29T01:31:29","modified_gmt":"2021-01-29T01:31:29","slug":"estamos-combatendo-no-brasil-o-virus-bolsonaro-diz-doria","status":"publish","type":"post","link":"https:\/\/www.oparanews.com.br\/index.php\/2021\/01\/29\/estamos-combatendo-no-brasil-o-virus-bolsonaro-diz-doria\/","title":{"rendered":"\u201cEstamos combatendo no Brasil o v\u00edrus Bolsonaro\u201d, diz Doria"},"content":{"rendered":"<p>O governador de S\u00e3o Paulo, Jo\u00e3o Doria (PSDB), fez mais uma cr\u00edtica ao presidente Jair Bolsonaro, nesta quinta-feira (28), em entrevista ao programa Connect the World, da CNN internacional. As informa\u00e7\u00f5es s\u00e3o de M\u00f4nica Bergamo, da Folha de S. Paulo.<\/p>\n<p>\u201cTenho que dizer, de novo, que estamos combatendo dois v\u00edrus no Brasil: o coronav\u00edrus e o v\u00edrus Bolsonaro. Temos o senso, aqui em S\u00e3o Paulo, o senso de urg\u00eancia. E toda vida conta, n\u00f3s n\u00e3o queremos gastar nem um dia sequer com processos burocr\u00e1ticos criados pelo governo federal\u201d, disse Doria.<\/p>\n<p>O governador tamb\u00e9m criticou a falta de a\u00e7\u00f5es do governo federal em Manaus. \u201c\u00c9 absurdo que as pessoas estejam morrendo em suas casas, na porta de hospitais, nas cal\u00e7adas devido \u00e0 falta de oxig\u00eanio\u201d, afirmou o tucano.<\/p>\n<p>Doria comentou sobre o atraso na libera\u00e7\u00e3o de insumos da Coronavac pelo governo chin\u00eas por causa de Bolsonaro. \u201cO presidente e sua fam\u00edlia, na maior parte do tempo, atacaram o governo chin\u00eas, a vacina chinesa e a ajuda chinesa para o Brasil. \u00c9 uma situa\u00e7\u00e3o inacredit\u00e1vel\u201d, disse.<\/p>\n<p>&nbsp;<\/p>\n<p><strong>Fonte: ISTO\u00c9<\/strong><\/p>\n<p>&nbsp;<\/p>\n","protected":false},"excerpt":{"rendered":"<p>O governador de S\u00e3o Paulo, Jo\u00e3o Doria (PSDB), fez mais uma cr\u00edtica ao presidente Jair Bolsonaro, nesta quinta-feira (28), em entrevista ao programa Connect the World, da CNN internacional. As informa\u00e7\u00f5es s\u00e3o de M\u00f4nica Bergamo, da Folha de S. Paulo. \u201cTenho que dizer, de novo, que estamos combatendo dois v\u00edrus no Brasil: o coronav\u00edrus e &hellip;<\/p>\n","protected":false},"author":1,"featured_media":12513,"comment_status":"closed","ping_status":"closed","sticky":false,"template":"","format":"standard","meta":{"_jetpack_newsletter_access":"","_jetpack_dont_email_post_to_subs":false,"_jetpack_newsletter_tier_id":0,"_jetpack_memberships_contains_paywalled_content":false,"_jetpack_memberships_contains_paid_content":false,"footnotes":""},"categories":[1],"tags":[],"class_list":["post-12512","post","type-post","status-publish","format-standard","has-post-thumbnail","hentry","category-destaque"],"jetpack_sharing_enabled":true,"jetpack_featured_media_url":"","_links":{"self":[{"href":"https:\/\/www.oparanews.com.br\/index.php\/wp-json\/wp\/v2\/posts\/12512","targetHints":{"allow":["GET"]}}],"collection":[{"href":"https:\/\/www.oparanews.com.br\/index.php\/wp-json\/wp\/v2\/posts"}],"about":[{"href":"https:\/\/www.oparanews.com.br\/index.php\/wp-json\/wp\/v2\/types\/post"}],"author":[{"embeddable":true,"href":"https:\/\/www.oparanews.com.br\/index.php\/wp-json\/wp\/v2\/users\/1"}],"replies":[{"embeddable":true,"href":"https:\/\/www.oparanews.com.br\/index.php\/wp-json\/wp\/v2\/comments?post=12512"}],"version-history":[{"count":0,"href":"https:\/\/www.oparanews.com.br\/index.php\/wp-json\/wp\/v2\/posts\/12512\/revisions"}],"wp:attachment":[{"href":"https:\/\/www.oparanews.com.br\/index.php\/wp-json\/wp\/v2\/media?parent=12512"}],"wp:term":[{"taxonomy":"category","embeddable":true,"href":"https:\/\/www.oparanews.com.br\/index.php\/wp-json\/wp\/v2\/categories?post=12512"},{"taxonomy":"post_tag","embeddable":true,"href":"https:\/\/www.oparanews.com.br\/index.php\/wp-json\/wp\/v2\/tags?post=12512"}],"curies":[{"name":"wp","href":"https:\/\/api.w.org\/{rel}","templated":true}]}}