{"id":12516,"date":"2021-01-29T01:34:28","date_gmt":"2021-01-29T01:34:28","guid":{"rendered":"https:\/\/oparanews.com.br\/?p=12516"},"modified":"2021-01-29T01:34:28","modified_gmt":"2021-01-29T01:34:28","slug":"jorge-jesus-e-diagnosticado-com-covid-19-diz-benfica","status":"publish","type":"post","link":"https:\/\/www.oparanews.com.br\/index.php\/2021\/01\/29\/jorge-jesus-e-diagnosticado-com-covid-19-diz-benfica\/","title":{"rendered":"Jorge Jesus \u00e9 diagnosticado com Covid-19, diz Benfica"},"content":{"rendered":"<p>Na noite desta quinta-feira, o Benfica confirmou, por meio de uma nota em seu site oficial, que o t\u00e9cnico Jorge Jesus, ex-Flamengo, testou positivo e foi diagnosticado com Covid-19, ap\u00f3s cerca de sete testes negativos ao longo das \u00faltimas duas semanas.<\/p>\n<p>O clube portugu\u00eas informou que o treinador fez um teste PCR nas \u00faltimas horas por conta da detec\u00e7\u00e3o de uma infec\u00e7\u00e3o respirat\u00f3ria, que o tirou do banco de reservas da partida do Benfica nesta quinta, pela Ta\u00e7a de Portugal, contra o Belenenses. Este teste, o \u00faltimo realizado, deu positivo.<\/p>\n<p>Nos \u00faltimos dias, Jesus teve sintomas caracter\u00edsticos da Covid-19 como febre, tosse e dificuldades respirat\u00f3rias. O clube lusitano informou que o treinador j\u00e1 est\u00e1 em quarentena com o monitoramento do departamento m\u00e9dico do clube e que o seu estado \u00e9 est\u00e1vel.<\/p>\n<p>&nbsp;<\/p>\n<p><strong>Fonte: LANCE!<\/strong><\/p>\n<p>&nbsp;<\/p>\n","protected":false},"excerpt":{"rendered":"<p>Na noite desta quinta-feira, o Benfica confirmou, por meio de uma nota em seu site oficial, que o t\u00e9cnico Jorge Jesus, ex-Flamengo, testou positivo e foi diagnosticado com Covid-19, ap\u00f3s cerca de sete testes negativos ao longo das \u00faltimas duas semanas. O clube portugu\u00eas informou que o treinador fez um teste PCR nas \u00faltimas horas &hellip;<\/p>\n","protected":false},"author":1,"featured_media":12517,"comment_status":"closed","ping_status":"closed","sticky":false,"template":"","format":"standard","meta":{"_jetpack_newsletter_access":"","_jetpack_dont_email_post_to_subs":false,"_jetpack_newsletter_tier_id":0,"_jetpack_memberships_contains_paywalled_content":false,"_jetpack_memberships_contains_paid_content":false,"footnotes":""},"categories":[1],"tags":[],"class_list":["post-12516","post","type-post","status-publish","format-standard","has-post-thumbnail","hentry","category-destaque"],"jetpack_sharing_enabled":true,"jetpack_featured_media_url":"","_links":{"self":[{"href":"https:\/\/www.oparanews.com.br\/index.php\/wp-json\/wp\/v2\/posts\/12516","targetHints":{"allow":["GET"]}}],"collection":[{"href":"https:\/\/www.oparanews.com.br\/index.php\/wp-json\/wp\/v2\/posts"}],"about":[{"href":"https:\/\/www.oparanews.com.br\/index.php\/wp-json\/wp\/v2\/types\/post"}],"author":[{"embeddable":true,"href":"https:\/\/www.oparanews.com.br\/index.php\/wp-json\/wp\/v2\/users\/1"}],"replies":[{"embeddable":true,"href":"https:\/\/www.oparanews.com.br\/index.php\/wp-json\/wp\/v2\/comments?post=12516"}],"version-history":[{"count":0,"href":"https:\/\/www.oparanews.com.br\/index.php\/wp-json\/wp\/v2\/posts\/12516\/revisions"}],"wp:attachment":[{"href":"https:\/\/www.oparanews.com.br\/index.php\/wp-json\/wp\/v2\/media?parent=12516"}],"wp:term":[{"taxonomy":"category","embeddable":true,"href":"https:\/\/www.oparanews.com.br\/index.php\/wp-json\/wp\/v2\/categories?post=12516"},{"taxonomy":"post_tag","embeddable":true,"href":"https:\/\/www.oparanews.com.br\/index.php\/wp-json\/wp\/v2\/tags?post=12516"}],"curies":[{"name":"wp","href":"https:\/\/api.w.org\/{rel}","templated":true}]}}