{"id":12519,"date":"2021-01-29T20:43:33","date_gmt":"2021-01-29T20:43:33","guid":{"rendered":"https:\/\/oparanews.com.br\/?p=12519"},"modified":"2021-01-29T20:43:33","modified_gmt":"2021-01-29T20:43:33","slug":"alagoas-registra-mais-nove-mortes-por-covid-19-e-total-chega-a-2-728","status":"publish","type":"post","link":"https:\/\/www.oparanews.com.br\/index.php\/2021\/01\/29\/alagoas-registra-mais-nove-mortes-por-covid-19-e-total-chega-a-2-728\/","title":{"rendered":"Alagoas registra mais nove mortes por Covid-19 e total chega a 2.728"},"content":{"rendered":"<p>Alagoas registrou nove mortes por Covid-19 nas \u00faltimas 24 horas, chegando ao total de 2.728 \u00f3bitos desde o come\u00e7o da pandemia, segundo o boletim epidemiol\u00f3gico da Secretaria de Estado da Sa\u00fade (Sesau) desta sexta-feira (28).<\/p>\n<p>O estado tamb\u00e9m confirmou 394 novos casos de Covid-19 em 24 horas. Os novos n\u00fameros fizeram com o que o total de casos confirmados subisse para 116.773.<\/p>\n<p>Macei\u00f3 tem o total de 43.155 casos 1.222 e \u00f3bitos por Covid-19. A capital confirmou 243 casos e cinco mortes nas \u00faltimas 24 horas.<\/p>\n<p>Do total de casos contabilizados no estado desde o in\u00edcio da pandemia, 111.531 pacientes se recuperaram.<\/p>\n<p>H\u00e1 8.170 casos suspeitos, que s\u00e3o de pacientes que fizeram exame para Covid-19, mas ainda aguardam resultado.<\/p>\n<p>A taxa de ocupa\u00e7\u00e3o de leitos exclusivos para Covid-19 estava em 42% at\u00e9 \u00e0s 17h dessa quinta (28). Dos 224 leitos de UTI, 51% estavam ocupados.<\/p>\n<p>Mais nove mortes por Covid-19<\/p>\n<p>Macei\u00f3: Mulher, 53 anos \u2013 hipertensa e diab\u00e9tica<br \/>\nMacei\u00f3: Mulher, 71 anos \u2013 diab\u00e9tica, hipertensa e Parkinson<br \/>\nMacei\u00f3: Mulher, 76 anos \u2013 diab\u00e9tica e obesa<br \/>\nMacei\u00f3: Homem, 63 anos \u2013 hipertenso e diab\u00e9tico<br \/>\nMacei\u00f3: Homem, 79 anos \u2013 sem comorbidades<br \/>\nP\u00e3o de A\u00e7\u00facar: Homem, 73 anos \u2013 sem comorbidades<br \/>\n\u00c1gua Branca: Homem, 76 anos \u2013 doen\u00e7a neurol\u00f3gica cr\u00f4nica<br \/>\nMaravilha: Homem, 90 anos \u2013 doen\u00e7a cardiovascular cr\u00f4nica e diabetes<br \/>\nCajueiro: Mulher, 80 anos \u2013 diab\u00e9tica<\/p>\n<p><strong>Fonte: G1\/AL<\/strong><\/p>\n<p>&nbsp;<\/p>\n","protected":false},"excerpt":{"rendered":"<p>Alagoas registrou nove mortes por Covid-19 nas \u00faltimas 24 horas, chegando ao total de 2.728 \u00f3bitos desde o come\u00e7o da pandemia, segundo o boletim epidemiol\u00f3gico da Secretaria de Estado da Sa\u00fade (Sesau) desta sexta-feira (28). O estado tamb\u00e9m confirmou 394 novos casos de Covid-19 em 24 horas. Os novos n\u00fameros fizeram com o que o &hellip;<\/p>\n","protected":false},"author":1,"featured_media":7389,"comment_status":"closed","ping_status":"closed","sticky":false,"template":"","format":"standard","meta":{"_jetpack_newsletter_access":"","_jetpack_dont_email_post_to_subs":false,"_jetpack_newsletter_tier_id":0,"_jetpack_memberships_contains_paywalled_content":false,"_jetpack_memberships_contains_paid_content":false,"footnotes":""},"categories":[1],"tags":[],"class_list":["post-12519","post","type-post","status-publish","format-standard","has-post-thumbnail","hentry","category-destaque"],"jetpack_sharing_enabled":true,"jetpack_featured_media_url":"","_links":{"self":[{"href":"https:\/\/www.oparanews.com.br\/index.php\/wp-json\/wp\/v2\/posts\/12519","targetHints":{"allow":["GET"]}}],"collection":[{"href":"https:\/\/www.oparanews.com.br\/index.php\/wp-json\/wp\/v2\/posts"}],"about":[{"href":"https:\/\/www.oparanews.com.br\/index.php\/wp-json\/wp\/v2\/types\/post"}],"author":[{"embeddable":true,"href":"https:\/\/www.oparanews.com.br\/index.php\/wp-json\/wp\/v2\/users\/1"}],"replies":[{"embeddable":true,"href":"https:\/\/www.oparanews.com.br\/index.php\/wp-json\/wp\/v2\/comments?post=12519"}],"version-history":[{"count":0,"href":"https:\/\/www.oparanews.com.br\/index.php\/wp-json\/wp\/v2\/posts\/12519\/revisions"}],"wp:attachment":[{"href":"https:\/\/www.oparanews.com.br\/index.php\/wp-json\/wp\/v2\/media?parent=12519"}],"wp:term":[{"taxonomy":"category","embeddable":true,"href":"https:\/\/www.oparanews.com.br\/index.php\/wp-json\/wp\/v2\/categories?post=12519"},{"taxonomy":"post_tag","embeddable":true,"href":"https:\/\/www.oparanews.com.br\/index.php\/wp-json\/wp\/v2\/tags?post=12519"}],"curies":[{"name":"wp","href":"https:\/\/api.w.org\/{rel}","templated":true}]}}