{"id":12524,"date":"2021-01-29T20:48:30","date_gmt":"2021-01-29T20:48:30","guid":{"rendered":"https:\/\/oparanews.com.br\/?p=12524"},"modified":"2021-01-29T20:48:30","modified_gmt":"2021-01-29T20:48:30","slug":"prefeito-ronaldo-lopes-paga-salario-de-janeiro-e-anuncia-data-para-rateio-da-educacao","status":"publish","type":"post","link":"https:\/\/www.oparanews.com.br\/index.php\/2021\/01\/29\/prefeito-ronaldo-lopes-paga-salario-de-janeiro-e-anuncia-data-para-rateio-da-educacao\/","title":{"rendered":"Prefeito Ronaldo Lopes paga sal\u00e1rio de janeiro e anuncia data para rateio da Educa\u00e7\u00e3o"},"content":{"rendered":"<p>O Prefeito Ronaldo Lopes divulgou em suas redes sociais o pagamento do sal\u00e1rio de janeiro para todos os servidores da Prefeitura de Penedo.<\/p>\n<p>\u201cHoje pela manh\u00e3 depositamos o sal\u00e1rio de janeiro de todos os funcion\u00e1rios p\u00fablicos do munic\u00edpio de Penedo, cumprindo assim o nosso compromisso com a classe trabalhadora. Na pr\u00f3xima ter\u00e7a-feira os professores do nosso munic\u00edpio tamb\u00e9m estar\u00e3o recebendo o rateio de 2020\u201d, anunciou Ronaldo Lopes nesta sexta-feira, 30<\/p>\n<p>O pagamento para efetivos e contratados ainda dentro do m\u00eas trabalhado \u00e9 compromisso do gestor penedense que assegura tranquilidade para fam\u00edlias dos funcion\u00e1rios p\u00fablicos e injeta recursos na economia local, principalmente no com\u00e9rcio da cidade.<\/p>\n<p><strong>13\u00ba Sal\u00e1rio<\/strong><\/p>\n<p>O saldo em conta banc\u00e1ria est\u00e1 melhor ainda para o servidor da Prefeitura de Penedo nascido em janeiro porque tamb\u00e9m recebeu seu 13\u00ba sal\u00e1rio. De acordo com a Lei Municipal n\u00ba 1.681\/2019, o adicional \u00e9 pago no m\u00eas de anivers\u00e1rio do trabalhador.<\/p>\n<p>&nbsp;<\/p>\n<p><strong>Fonte: Decom PMP<\/strong><\/p>\n<p>&nbsp;<\/p>\n","protected":false},"excerpt":{"rendered":"<p>O Prefeito Ronaldo Lopes divulgou em suas redes sociais o pagamento do sal\u00e1rio de janeiro para todos os servidores da Prefeitura de Penedo. \u201cHoje pela manh\u00e3 depositamos o sal\u00e1rio de janeiro de todos os funcion\u00e1rios p\u00fablicos do munic\u00edpio de Penedo, cumprindo assim o nosso compromisso com a classe trabalhadora. Na pr\u00f3xima ter\u00e7a-feira os professores do &hellip;<\/p>\n","protected":false},"author":1,"featured_media":12525,"comment_status":"closed","ping_status":"closed","sticky":false,"template":"","format":"standard","meta":{"_jetpack_newsletter_access":"","_jetpack_dont_email_post_to_subs":false,"_jetpack_newsletter_tier_id":0,"_jetpack_memberships_contains_paywalled_content":false,"_jetpack_memberships_contains_paid_content":false,"footnotes":""},"categories":[1],"tags":[],"class_list":["post-12524","post","type-post","status-publish","format-standard","has-post-thumbnail","hentry","category-destaque"],"jetpack_sharing_enabled":true,"jetpack_featured_media_url":"","_links":{"self":[{"href":"https:\/\/www.oparanews.com.br\/index.php\/wp-json\/wp\/v2\/posts\/12524","targetHints":{"allow":["GET"]}}],"collection":[{"href":"https:\/\/www.oparanews.com.br\/index.php\/wp-json\/wp\/v2\/posts"}],"about":[{"href":"https:\/\/www.oparanews.com.br\/index.php\/wp-json\/wp\/v2\/types\/post"}],"author":[{"embeddable":true,"href":"https:\/\/www.oparanews.com.br\/index.php\/wp-json\/wp\/v2\/users\/1"}],"replies":[{"embeddable":true,"href":"https:\/\/www.oparanews.com.br\/index.php\/wp-json\/wp\/v2\/comments?post=12524"}],"version-history":[{"count":0,"href":"https:\/\/www.oparanews.com.br\/index.php\/wp-json\/wp\/v2\/posts\/12524\/revisions"}],"wp:attachment":[{"href":"https:\/\/www.oparanews.com.br\/index.php\/wp-json\/wp\/v2\/media?parent=12524"}],"wp:term":[{"taxonomy":"category","embeddable":true,"href":"https:\/\/www.oparanews.com.br\/index.php\/wp-json\/wp\/v2\/categories?post=12524"},{"taxonomy":"post_tag","embeddable":true,"href":"https:\/\/www.oparanews.com.br\/index.php\/wp-json\/wp\/v2\/tags?post=12524"}],"curies":[{"name":"wp","href":"https:\/\/api.w.org\/{rel}","templated":true}]}}