{"id":12537,"date":"2021-01-30T01:53:37","date_gmt":"2021-01-30T01:53:37","guid":{"rendered":"https:\/\/oparanews.com.br\/?p=12537"},"modified":"2021-01-30T01:53:37","modified_gmt":"2021-01-30T01:53:37","slug":"atletico-mg-anuncia-a-contratacao-do-atacante-hulk","status":"publish","type":"post","link":"https:\/\/www.oparanews.com.br\/index.php\/2021\/01\/30\/atletico-mg-anuncia-a-contratacao-do-atacante-hulk\/","title":{"rendered":"Atl\u00e9tico-MG anuncia a contrata\u00e7\u00e3o do atacante Hulk"},"content":{"rendered":"<p>O Atl\u00e9tico-MG anunciou nesta sexta-feira a contrata\u00e7\u00e3o do atacante Hulk, de 34 anos. O jogador teve como \u00faltimo clube Shangai SIPG, da China, e assinou um acordo v\u00e1lido por duas temporadas. Antes de assinar com a equipe, Hulk recebeu propostas de times da Turquia e de Portugal, al\u00e9m de ter sido sondado pelo Palmeiras. O acordo marca o retorno do atacante ao futebol brasileiro ap\u00f3s mais de 15 anos no exterior.<\/p>\n<p>&#8220;Al\u00f4, tudo bem? Tem mais um Galo Na Veia (o programa de s\u00f3cios-torcedores do clube) chegando, hein? Ainda n\u00e3o conte para ningu\u00e9m, convoque a Massa para virar Galo Na Veia. Estamos juntos&#8221;, afirmou Hulk, em \u00e1udio divulgado pelo clube. Hulk estaval ivre no mercado ap\u00f3s o fim do seu contrato com o Shanghai SIPG no fim de 2020. Desde ent\u00e3o, vinha passando por um per\u00edodo de descanso na Para\u00edba com a sua fam\u00edlia.<\/p>\n<p>Revelado pelo Vit\u00f3ria, Hulk construiu a sua carreira fora do Brasil. Ele teve passagem pelo Porto, onde se destacou, depois atuando com sucesso pelo Zenit St. Petersburg. Na sequ\u00eancia, foi para a China, onde ficou at\u00e9 acertar com o Atl\u00e9tico-MG. E tamb\u00e9m defendeu a sele\u00e7\u00e3o brasileira na Copa do Mundo de 2014.<\/p>\n<p>Apesar de n\u00e3o estar vinculado a algum clube, Hulk \u00e9 mais uma contrata\u00e7\u00e3o cara do Atl\u00e9tico-MG, que tem investido em refor\u00e7os especialmente ap\u00f3s a chegada de Jorge Sampaoli pouco antes da pausa das competi\u00e7\u00f5es em fun\u00e7\u00e3o da pandemia do coronav\u00edrus.<\/p>\n<p>Apesar do an\u00fancio nesta sexta-feira, ainda vai demorar para o atacante fazer a sua estreia pelo Atl\u00e9tico-MG, que n\u00e3o poder\u00e1 utiliz\u00e1-lo na reta final do Campeonato Brasileiro. A expectativa \u00e9 de que isso aconte\u00e7a apenas no fim de fevereiro com o in\u00edcio do Estadual da temporada 2021.<\/p>\n<p>&nbsp;<\/p>\n<p><strong>Fonte: Terra<\/strong><\/p>\n<p>&nbsp;<\/p>\n","protected":false},"excerpt":{"rendered":"<p>O Atl\u00e9tico-MG anunciou nesta sexta-feira a contrata\u00e7\u00e3o do atacante Hulk, de 34 anos. O jogador teve como \u00faltimo clube Shangai SIPG, da China, e assinou um acordo v\u00e1lido por duas temporadas. Antes de assinar com a equipe, Hulk recebeu propostas de times da Turquia e de Portugal, al\u00e9m de ter sido sondado pelo Palmeiras. O &hellip;<\/p>\n","protected":false},"author":1,"featured_media":12538,"comment_status":"closed","ping_status":"closed","sticky":false,"template":"","format":"standard","meta":{"_jetpack_newsletter_access":"","_jetpack_dont_email_post_to_subs":false,"_jetpack_newsletter_tier_id":0,"_jetpack_memberships_contains_paywalled_content":false,"_jetpack_memberships_contains_paid_content":false,"footnotes":""},"categories":[1],"tags":[],"class_list":["post-12537","post","type-post","status-publish","format-standard","has-post-thumbnail","hentry","category-destaque"],"jetpack_sharing_enabled":true,"jetpack_featured_media_url":"","_links":{"self":[{"href":"https:\/\/www.oparanews.com.br\/index.php\/wp-json\/wp\/v2\/posts\/12537","targetHints":{"allow":["GET"]}}],"collection":[{"href":"https:\/\/www.oparanews.com.br\/index.php\/wp-json\/wp\/v2\/posts"}],"about":[{"href":"https:\/\/www.oparanews.com.br\/index.php\/wp-json\/wp\/v2\/types\/post"}],"author":[{"embeddable":true,"href":"https:\/\/www.oparanews.com.br\/index.php\/wp-json\/wp\/v2\/users\/1"}],"replies":[{"embeddable":true,"href":"https:\/\/www.oparanews.com.br\/index.php\/wp-json\/wp\/v2\/comments?post=12537"}],"version-history":[{"count":0,"href":"https:\/\/www.oparanews.com.br\/index.php\/wp-json\/wp\/v2\/posts\/12537\/revisions"}],"wp:attachment":[{"href":"https:\/\/www.oparanews.com.br\/index.php\/wp-json\/wp\/v2\/media?parent=12537"}],"wp:term":[{"taxonomy":"category","embeddable":true,"href":"https:\/\/www.oparanews.com.br\/index.php\/wp-json\/wp\/v2\/categories?post=12537"},{"taxonomy":"post_tag","embeddable":true,"href":"https:\/\/www.oparanews.com.br\/index.php\/wp-json\/wp\/v2\/tags?post=12537"}],"curies":[{"name":"wp","href":"https:\/\/api.w.org\/{rel}","templated":true}]}}