{"id":12540,"date":"2021-01-30T01:56:57","date_gmt":"2021-01-30T01:56:57","guid":{"rendered":"https:\/\/oparanews.com.br\/?p=12540"},"modified":"2021-01-30T01:56:57","modified_gmt":"2021-01-30T01:56:57","slug":"record-tem-interesse-em-angelica-caso-huck-vire-candidato","status":"publish","type":"post","link":"https:\/\/www.oparanews.com.br\/index.php\/2021\/01\/30\/record-tem-interesse-em-angelica-caso-huck-vire-candidato\/","title":{"rendered":"Record tem interesse em Ang\u00e9lica caso Huck vire candidato"},"content":{"rendered":"<p>Mesmo com uma poss\u00edvel candidatura de Luciano Huck \u00e0 Presid\u00eancia da Rep\u00fablica em 2022, Ang\u00e9lica, consequentemente, teria que deixar a TV Globo, mas, ela tem a possibilidade de n\u00e3o abandonar a televis\u00e3o definitivamente.<\/p>\n<p>Segundo informa\u00e7\u00f5es do colunista Thiago Rocha, do programa \u2018A Tarde \u00c9 Sua\u2019, a Record TV estaria de olho na apresentadora e n\u00e3o se importaria do fato de Huck entrar para o cen\u00e1rio pol\u00edtico, algo que n\u00e3o \u00e9 aceito pela emissora global.<\/p>\n<p>Desde o ano passado n\u00e3o se fala em outra coisa a n\u00e3o ser a sa\u00edda de Luciano da Globo. Em setembro de 2019, a poderosa chegou a emitir uma nota informando que, caso o comunicador decida concorrer o cargo de presidente do Brasil, dever\u00e1 se desligar do ve\u00edculo de comunica\u00e7\u00e3o.<\/p>\n<p>&nbsp;<\/p>\n<p><strong>Fonte: ISTO\u00c9 Gente<\/strong><\/p>\n<p>&nbsp;<\/p>\n","protected":false},"excerpt":{"rendered":"<p>Mesmo com uma poss\u00edvel candidatura de Luciano Huck \u00e0 Presid\u00eancia da Rep\u00fablica em 2022, Ang\u00e9lica, consequentemente, teria que deixar a TV Globo, mas, ela tem a possibilidade de n\u00e3o abandonar a televis\u00e3o definitivamente. Segundo informa\u00e7\u00f5es do colunista Thiago Rocha, do programa \u2018A Tarde \u00c9 Sua\u2019, a Record TV estaria de olho na apresentadora e n\u00e3o &hellip;<\/p>\n","protected":false},"author":1,"featured_media":12541,"comment_status":"closed","ping_status":"closed","sticky":false,"template":"","format":"standard","meta":{"_jetpack_newsletter_access":"","_jetpack_dont_email_post_to_subs":false,"_jetpack_newsletter_tier_id":0,"_jetpack_memberships_contains_paywalled_content":false,"_jetpack_memberships_contains_paid_content":false,"footnotes":""},"categories":[1],"tags":[],"class_list":["post-12540","post","type-post","status-publish","format-standard","has-post-thumbnail","hentry","category-destaque"],"jetpack_sharing_enabled":true,"jetpack_featured_media_url":"","_links":{"self":[{"href":"https:\/\/www.oparanews.com.br\/index.php\/wp-json\/wp\/v2\/posts\/12540","targetHints":{"allow":["GET"]}}],"collection":[{"href":"https:\/\/www.oparanews.com.br\/index.php\/wp-json\/wp\/v2\/posts"}],"about":[{"href":"https:\/\/www.oparanews.com.br\/index.php\/wp-json\/wp\/v2\/types\/post"}],"author":[{"embeddable":true,"href":"https:\/\/www.oparanews.com.br\/index.php\/wp-json\/wp\/v2\/users\/1"}],"replies":[{"embeddable":true,"href":"https:\/\/www.oparanews.com.br\/index.php\/wp-json\/wp\/v2\/comments?post=12540"}],"version-history":[{"count":0,"href":"https:\/\/www.oparanews.com.br\/index.php\/wp-json\/wp\/v2\/posts\/12540\/revisions"}],"wp:attachment":[{"href":"https:\/\/www.oparanews.com.br\/index.php\/wp-json\/wp\/v2\/media?parent=12540"}],"wp:term":[{"taxonomy":"category","embeddable":true,"href":"https:\/\/www.oparanews.com.br\/index.php\/wp-json\/wp\/v2\/categories?post=12540"},{"taxonomy":"post_tag","embeddable":true,"href":"https:\/\/www.oparanews.com.br\/index.php\/wp-json\/wp\/v2\/tags?post=12540"}],"curies":[{"name":"wp","href":"https:\/\/api.w.org\/{rel}","templated":true}]}}