{"id":12543,"date":"2021-01-30T02:02:12","date_gmt":"2021-01-30T02:02:12","guid":{"rendered":"https:\/\/oparanews.com.br\/?p=12543"},"modified":"2021-01-30T02:02:12","modified_gmt":"2021-01-30T02:02:12","slug":"bolsonaro-e-mourao-trocam-farpas-e-elevam-tensao-no-planalto","status":"publish","type":"post","link":"https:\/\/www.oparanews.com.br\/index.php\/2021\/01\/30\/bolsonaro-e-mourao-trocam-farpas-e-elevam-tensao-no-planalto\/","title":{"rendered":"Bolsonaro e Mour\u00e3o trocam farpas e elevam tens\u00e3o no Planalto"},"content":{"rendered":"<p>A \u00faltima semana do m\u00eas de janeiro foi marcada por uma troca de indiretas e cr\u00edticas p\u00fablicas entre o presidente da Rep\u00fablica, Jair Bolsonaro, e seu vice, Hamilton Mour\u00e3o. Apesar do segundo na linha de sucess\u00e3o afirmar ser &#8220;leal&#8221; ao mandat\u00e1rio, o clima entre os dois est\u00e1 bastante tenso.<\/p>\n<p>Nesta quinta-feira (28), Bolsonaro desautorizou publicamente Mour\u00e3o de falar sobre uma poss\u00edvel reforma ministerial. As mudan\u00e7as no primeiro escal\u00e3o est\u00e3o sendo discutidas por conta do interesse do Planalto de interferir nas elei\u00e7\u00f5es dos presidentes da C\u00e2mara dos Deputados e do Senado. Cargos estariam sendo oferecidos para os partidos do chamado &#8220;Centr\u00e3o&#8221; em troca de apoio para os candidatos apoiados pela Presid\u00eancia.<\/p>\n<p>&#8220;Se algu\u00e9m quiser escolher ministro, que se candidate em 22 e boa sorte em 23&#8221;, disse o presidente ao ser questionado por apoiadores sobre a mudan\u00e7a no Minist\u00e9rio das Rela\u00e7\u00f5es Exteriores. Mour\u00e3o, um dia antes, tinha dado entrevista \u00e0 R\u00e1dio Bandeirantes afirmando que h\u00e1 debates para uma reformula\u00e7\u00e3o do governo e disse que Ernesto Ara\u00fajo pode ser substitu\u00eddo.<\/p>\n<p>Pouco antes, Bolsonaro foi mais direto e disse que &#8220;o vice falou que eu estou para trocar o chefe do Itamaraty&#8221; e que &#8220;o que n\u00f3s menos precisamos \u00e9 de palpiteiro no tocante a forma\u00e7\u00e3o do meu minist\u00e9rio&#8221;. Mour\u00e3o n\u00e3o quis comentar a frase do presidente.<\/p>\n<p><strong>Impeachment<\/strong><\/p>\n<p>J\u00e1 nesta sexta-feira (29) foi publicada no Di\u00e1rio Oficial da Uni\u00e3o a exonera\u00e7\u00e3o do assessor de Mour\u00e3o, Ricardo Roesch, que essa semana enviou mensagem a parlamentares falando sobre um poss\u00edvel impeachment de Bolsonaro.<\/p>\n<p>Segundo revelou o site O Antagonista, Roesch enviou mensagens dizendo que era &#8220;bom estarmos preparados&#8221; para um poss\u00edvel afastamento do presidente e que Mour\u00e3o &#8220;dividiu a ala militar&#8221;. &#8220;Antes, [Augusto] Heleno dominava, agora est\u00e3o divididos &#8211; capit\u00e3o [Bolsonaro] est\u00e1 errando muito na pandemia. General Mour\u00e3o \u00e9 mais preparado e pol\u00edtico. Voc\u00ea sabe disso&#8221;, disse o assessor segundo uma mensagem obtida pelo site.<\/p>\n<p>Ap\u00f3s falar que a mensagem poderia ter sido enviada por um hacker, o vice-presidente confirmou que seu assessor fez a conversa e disse que &#8220;foi uma situa\u00e7\u00e3o lament\u00e1vel&#8221;.<\/p>\n<p>&#8220;N\u00famero um, primeiro lugar porque eu n\u00e3o concordo com o processo de impeachment, n\u00e3o apoio isso a\u00ed, acabou. A partir da\u00ed, a pessoa que tinha cargo de confian\u00e7a perde a confian\u00e7a para exercer esse cargo. Lamento&#8221;, disse aos jornalistas.<\/p>\n<p>Com a pandemia de covid-19 ainda descontrolada e a falta de apoio do Planalto \u00e0 vacina\u00e7\u00e3o &#8211; a presid\u00eancia demorou para fechar contratos e chegou a ignorar uma proposta da Pfizer -, a base aliada do presidente come\u00e7ou a reclamar mais publicamente da gest\u00e3o.<\/p>\n<p>H\u00e1 ainda mais de 60 pedidos de impeachment, tanto de partidos pol\u00edticos como de entidades civis, contra Bolsonaro acusando o presidente dos mais diversos crimes. Por\u00e9m, o atual presidente da C\u00e2mara dos Deputados, Rodrigo Maia, se negou a dar andamento a abertura das a\u00e7\u00f5es.<\/p>\n<p>Conforme o blog da jornalista Andr\u00e9ia Sadi, h\u00e1 um &#8220;clima de conspira\u00e7\u00e3o&#8221; na rela\u00e7\u00e3o entre presidente e vice por conta de uma eventual constru\u00e7\u00e3o de um impeachment. Segundo a apura\u00e7\u00e3o da rep\u00f3rter, Bolsonaro n\u00e3o quer que Mour\u00e3o seja seu vice na candidatura de 2022 e o militar &#8220;passou a externar sua irrita\u00e7\u00e3o por n\u00e3o participar mais do governo&#8221;.<\/p>\n<p>&nbsp;<\/p>\n<p><strong>Fonte: Terra<\/strong><\/p>\n<p>&nbsp;<\/p>\n","protected":false},"excerpt":{"rendered":"<p>A \u00faltima semana do m\u00eas de janeiro foi marcada por uma troca de indiretas e cr\u00edticas p\u00fablicas entre o presidente da Rep\u00fablica, Jair Bolsonaro, e seu vice, Hamilton Mour\u00e3o. Apesar do segundo na linha de sucess\u00e3o afirmar ser &#8220;leal&#8221; ao mandat\u00e1rio, o clima entre os dois est\u00e1 bastante tenso. Nesta quinta-feira (28), Bolsonaro desautorizou publicamente &hellip;<\/p>\n","protected":false},"author":1,"featured_media":12544,"comment_status":"closed","ping_status":"closed","sticky":false,"template":"","format":"standard","meta":{"_jetpack_newsletter_access":"","_jetpack_dont_email_post_to_subs":false,"_jetpack_newsletter_tier_id":0,"_jetpack_memberships_contains_paywalled_content":false,"_jetpack_memberships_contains_paid_content":false,"footnotes":""},"categories":[1],"tags":[],"class_list":["post-12543","post","type-post","status-publish","format-standard","has-post-thumbnail","hentry","category-destaque"],"jetpack_sharing_enabled":true,"jetpack_featured_media_url":"","_links":{"self":[{"href":"https:\/\/www.oparanews.com.br\/index.php\/wp-json\/wp\/v2\/posts\/12543","targetHints":{"allow":["GET"]}}],"collection":[{"href":"https:\/\/www.oparanews.com.br\/index.php\/wp-json\/wp\/v2\/posts"}],"about":[{"href":"https:\/\/www.oparanews.com.br\/index.php\/wp-json\/wp\/v2\/types\/post"}],"author":[{"embeddable":true,"href":"https:\/\/www.oparanews.com.br\/index.php\/wp-json\/wp\/v2\/users\/1"}],"replies":[{"embeddable":true,"href":"https:\/\/www.oparanews.com.br\/index.php\/wp-json\/wp\/v2\/comments?post=12543"}],"version-history":[{"count":0,"href":"https:\/\/www.oparanews.com.br\/index.php\/wp-json\/wp\/v2\/posts\/12543\/revisions"}],"wp:attachment":[{"href":"https:\/\/www.oparanews.com.br\/index.php\/wp-json\/wp\/v2\/media?parent=12543"}],"wp:term":[{"taxonomy":"category","embeddable":true,"href":"https:\/\/www.oparanews.com.br\/index.php\/wp-json\/wp\/v2\/categories?post=12543"},{"taxonomy":"post_tag","embeddable":true,"href":"https:\/\/www.oparanews.com.br\/index.php\/wp-json\/wp\/v2\/tags?post=12543"}],"curies":[{"name":"wp","href":"https:\/\/api.w.org\/{rel}","templated":true}]}}