{"id":12558,"date":"2021-01-30T14:44:20","date_gmt":"2021-01-30T14:44:20","guid":{"rendered":"https:\/\/oparanews.com.br\/?p=12558"},"modified":"2021-01-30T14:44:20","modified_gmt":"2021-01-30T14:44:20","slug":"sindicato-e-contra-o-retorno-das-aulas-presenciais-na-rede-publica-de-alagoas","status":"publish","type":"post","link":"https:\/\/www.oparanews.com.br\/index.php\/2021\/01\/30\/sindicato-e-contra-o-retorno-das-aulas-presenciais-na-rede-publica-de-alagoas\/","title":{"rendered":"Sindicato \u00e9 contra o retorno das aulas presenciais na rede p\u00fablica de Alagoas"},"content":{"rendered":"<p>O retorno das aulas presenciais j\u00e1 \u00e9 uma realidade para as escolas particulares de Alagoas, contudo, no ensino p\u00fablico, as aulas s\u00f3 come\u00e7ar\u00e3o a retornar no m\u00eas de mar\u00e7o. Apesar de uma data definida para o retorno, uma quest\u00e3o permanece sem resposta, que seria a vacina\u00e7\u00e3o dos trabalhadores e profissionais da educa\u00e7\u00e3o que trabalham em escolas, que estar\u00e3o se colocando na linha de frente sem nenhuma defesa, como levantado pelo Sindicato dos Trabalhadores em Educa\u00e7\u00e3o de Alagoas (Sinteal).<\/p>\n<p>Segundo an\u00fancio feito durante reuni\u00e3o t\u00e9cnica do secret\u00e1rio municipal de Educa\u00e7\u00e3o, Elder Maia, da Semed, as aulas nas escolas da rede municipal de ensino ser\u00e3o retomadas a partir do dia 8 de mar\u00e7o. De acordo com Elder Maia, o calend\u00e1rio especial do ensino das escolas da Semed foi formalizado em comum acordo com os conselheiros tutelares e o Minist\u00e9rio P\u00fablico Estadual. \u201cAl\u00e9m disso, est\u00e3o sendo tomadas as medidas relacionadas \u00e0 sanitiza\u00e7\u00e3o das salas de aula.\u201d<\/p>\n<p>Na rede estadual, segundo informa\u00e7\u00f5es da Seduc, o retorno segue o mesmo prazo. Para a presidente do Sinteal, Maria Consuelo, o retorno das aulas presenciais n\u00e3o deve acontecer antes da vacina\u00e7\u00e3o dos profissionais da educa\u00e7\u00e3o do estado. \u201cCom certeza absoluta esse retorno n\u00e3o deve acontecer agora. N\u00f3s j\u00e1 conversamos com o secret\u00e1rio Elder Maia que o retorno s\u00f3 com testagem e vacina para trabalhadores e profissionais de educa\u00e7\u00e3o. Isso \u00e9 fundamental\u201d, disse a presidente.<\/p>\n<p>\u201cComo eu tenho reiterado sempre que falo sobre o assunto, n\u00e3o estamos voltando de f\u00e9rias, estamos \u2018saindo\u2019, com aspas, porque ainda n\u00e3o acabou, de uma pandemia, onde as pessoas v\u00eam de v\u00e1rios espa\u00e7os diferentes, com condi\u00e7\u00f5es diferentes, ningu\u00e9m sabe a condi\u00e7\u00e3o f\u00edsica de cada um e basicamente estamos voltando para colocar todos eles em um mesmo ambiente. Tudo isso nos traz grandes preocupa\u00e7\u00f5es\u201d, destacou Consuelo.<\/p>\n<p>A presidente explicou ainda que, n\u00e3o tem como existir escola sem aglomera\u00e7\u00e3o, por ser um lugar onde diversos alunos e profissionais se unem, ent\u00e3o, como tal, um retorno n\u00e3o pode existir sem que haja uma vacina\u00e7\u00e3o e uma ampla testagem. \u201cNo ensino b\u00e1sico lidamos com crian\u00e7as e crian\u00e7as n\u00e3o entendem como manter o distanciamento\u201d.<\/p>\n<p>Consuelo registrou tamb\u00e9m sua indigna\u00e7\u00e3o por serem ouvidos todos acerca do retorno, menos os profissionais da educa\u00e7\u00e3o, que estar\u00e3o trabalhando diariamente e se colocando em risco. \u201cComo defender um retorno \u00e0s aulas desse jeito? O governador sinalizou que entrar\u00edamos no grupo de prioridade para vacina\u00e7\u00e3o, pela import\u00e2ncia da educa\u00e7\u00e3o, mas n\u00e3o falou em datas. \u00c9 prioridade para quando? J\u00e1 tem data para retorno mas n\u00e3o tem nada para vacinar trabalhadores e estudantes, isso \u00e9 muito perigoso e nos causa medo. Temos profissionais com comorbidades, acima dos 60 anos, enfim, muita coisa para ser considerada\u201d, disse a presidente do Sinteal, que completou: \u201cna teoria falar de retorno \u00e9 f\u00e1cil, mas na pr\u00e1tica, com os alunos em sala, com os professores dando aula, \u00e9 diferente.\u201d<\/p>\n<p>&nbsp;<\/p>\n<p><strong>Fonte: Gazetaweb<\/strong><\/p>\n<p>&nbsp;<\/p>\n","protected":false},"excerpt":{"rendered":"<p>O retorno das aulas presenciais j\u00e1 \u00e9 uma realidade para as escolas particulares de Alagoas, contudo, no ensino p\u00fablico, as aulas s\u00f3 come\u00e7ar\u00e3o a retornar no m\u00eas de mar\u00e7o. Apesar de uma data definida para o retorno, uma quest\u00e3o permanece sem resposta, que seria a vacina\u00e7\u00e3o dos trabalhadores e profissionais da educa\u00e7\u00e3o que trabalham em &hellip;<\/p>\n","protected":false},"author":1,"featured_media":12559,"comment_status":"closed","ping_status":"closed","sticky":false,"template":"","format":"standard","meta":{"_jetpack_newsletter_access":"","_jetpack_dont_email_post_to_subs":false,"_jetpack_newsletter_tier_id":0,"_jetpack_memberships_contains_paywalled_content":false,"_jetpack_memberships_contains_paid_content":false,"footnotes":""},"categories":[1],"tags":[],"class_list":["post-12558","post","type-post","status-publish","format-standard","has-post-thumbnail","hentry","category-destaque"],"jetpack_sharing_enabled":true,"jetpack_featured_media_url":"","_links":{"self":[{"href":"https:\/\/www.oparanews.com.br\/index.php\/wp-json\/wp\/v2\/posts\/12558","targetHints":{"allow":["GET"]}}],"collection":[{"href":"https:\/\/www.oparanews.com.br\/index.php\/wp-json\/wp\/v2\/posts"}],"about":[{"href":"https:\/\/www.oparanews.com.br\/index.php\/wp-json\/wp\/v2\/types\/post"}],"author":[{"embeddable":true,"href":"https:\/\/www.oparanews.com.br\/index.php\/wp-json\/wp\/v2\/users\/1"}],"replies":[{"embeddable":true,"href":"https:\/\/www.oparanews.com.br\/index.php\/wp-json\/wp\/v2\/comments?post=12558"}],"version-history":[{"count":0,"href":"https:\/\/www.oparanews.com.br\/index.php\/wp-json\/wp\/v2\/posts\/12558\/revisions"}],"wp:attachment":[{"href":"https:\/\/www.oparanews.com.br\/index.php\/wp-json\/wp\/v2\/media?parent=12558"}],"wp:term":[{"taxonomy":"category","embeddable":true,"href":"https:\/\/www.oparanews.com.br\/index.php\/wp-json\/wp\/v2\/categories?post=12558"},{"taxonomy":"post_tag","embeddable":true,"href":"https:\/\/www.oparanews.com.br\/index.php\/wp-json\/wp\/v2\/tags?post=12558"}],"curies":[{"name":"wp","href":"https:\/\/api.w.org\/{rel}","templated":true}]}}