{"id":12570,"date":"2021-01-31T13:06:35","date_gmt":"2021-01-31T13:06:35","guid":{"rendered":"https:\/\/oparanews.com.br\/?p=12570"},"modified":"2021-01-31T13:06:35","modified_gmt":"2021-01-31T13:06:35","slug":"criminoso-invade-bar-e-executa-vitima-a-queima-roupa-em-penedo","status":"publish","type":"post","link":"https:\/\/www.oparanews.com.br\/index.php\/2021\/01\/31\/criminoso-invade-bar-e-executa-vitima-a-queima-roupa-em-penedo\/","title":{"rendered":"Criminoso invade bar e executa v\u00edtima \u00e0 queima-roupa em Penedo"},"content":{"rendered":"<p>Uma execu\u00e7\u00e3o a um homem que estava em um bar na Avenida C\u00e2ndido Toledo, em Penedo, na regi\u00e3o do Baixo S\u00e3o Francisco, foi registrada na noite deste s\u00e1bado (30). A v\u00edtima morreu no local do crime.<\/p>\n<p>De acordo a Pol\u00edcia Militar, um homem teria chegado de motocicleta a um bar onde a v\u00edtima estava.<\/p>\n<p>Segundo testemunha, o que suspeito usava bon\u00e9, m\u00e1scara e camisa branca invadiu o bar e executou a queima-roupa Carlos Leandro da Silva, popularmente chamado de &#8220;Leo&#8221;.<\/p>\n<p>Quando a pol\u00edcia chegou ao local, o jovem de 19 anos, ainda estava agonizando, mas n\u00e3o resistiu a gravidade dos ferimentos e faleceu no local do crime.<\/p>\n<p>Populares informaram que a v\u00edtima era cunhado da dona do estabelecimento comercial.<\/p>\n<p>A motiva\u00e7\u00e3o e autoria s\u00e3o desconhecidas.<\/p>\n<p>O Instituto M\u00e9dico Legal (IML) e o Instituto de Criminal\u00edstica (IC) foram acionados para realizar os procedimentos necess\u00e1rios.<\/p>\n<p>&nbsp;<\/p>\n<p><strong>Fonte: 7 Segundos<\/strong><\/p>\n<p>&nbsp;<\/p>\n","protected":false},"excerpt":{"rendered":"<p>Uma execu\u00e7\u00e3o a um homem que estava em um bar na Avenida C\u00e2ndido Toledo, em Penedo, na regi\u00e3o do Baixo S\u00e3o Francisco, foi registrada na noite deste s\u00e1bado (30). A v\u00edtima morreu no local do crime. De acordo a Pol\u00edcia Militar, um homem teria chegado de motocicleta a um bar onde a v\u00edtima estava. Segundo &hellip;<\/p>\n","protected":false},"author":1,"featured_media":12571,"comment_status":"closed","ping_status":"closed","sticky":false,"template":"","format":"standard","meta":{"_jetpack_newsletter_access":"","_jetpack_dont_email_post_to_subs":false,"_jetpack_newsletter_tier_id":0,"_jetpack_memberships_contains_paywalled_content":false,"_jetpack_memberships_contains_paid_content":false,"footnotes":""},"categories":[1],"tags":[],"class_list":["post-12570","post","type-post","status-publish","format-standard","has-post-thumbnail","hentry","category-destaque"],"jetpack_sharing_enabled":true,"jetpack_featured_media_url":"","_links":{"self":[{"href":"https:\/\/www.oparanews.com.br\/index.php\/wp-json\/wp\/v2\/posts\/12570","targetHints":{"allow":["GET"]}}],"collection":[{"href":"https:\/\/www.oparanews.com.br\/index.php\/wp-json\/wp\/v2\/posts"}],"about":[{"href":"https:\/\/www.oparanews.com.br\/index.php\/wp-json\/wp\/v2\/types\/post"}],"author":[{"embeddable":true,"href":"https:\/\/www.oparanews.com.br\/index.php\/wp-json\/wp\/v2\/users\/1"}],"replies":[{"embeddable":true,"href":"https:\/\/www.oparanews.com.br\/index.php\/wp-json\/wp\/v2\/comments?post=12570"}],"version-history":[{"count":0,"href":"https:\/\/www.oparanews.com.br\/index.php\/wp-json\/wp\/v2\/posts\/12570\/revisions"}],"wp:attachment":[{"href":"https:\/\/www.oparanews.com.br\/index.php\/wp-json\/wp\/v2\/media?parent=12570"}],"wp:term":[{"taxonomy":"category","embeddable":true,"href":"https:\/\/www.oparanews.com.br\/index.php\/wp-json\/wp\/v2\/categories?post=12570"},{"taxonomy":"post_tag","embeddable":true,"href":"https:\/\/www.oparanews.com.br\/index.php\/wp-json\/wp\/v2\/tags?post=12570"}],"curies":[{"name":"wp","href":"https:\/\/api.w.org\/{rel}","templated":true}]}}