{"id":12579,"date":"2021-02-01T12:16:03","date_gmt":"2021-02-01T12:16:03","guid":{"rendered":"https:\/\/oparanews.com.br\/?p=12579"},"modified":"2021-02-01T12:16:03","modified_gmt":"2021-02-01T12:16:03","slug":"maia-se-irrita-e-ameaca-com-impeachment-de-bolsonaro","status":"publish","type":"post","link":"https:\/\/www.oparanews.com.br\/index.php\/2021\/02\/01\/maia-se-irrita-e-ameaca-com-impeachment-de-bolsonaro\/","title":{"rendered":"Maia se irrita e amea\u00e7a com impeachment de Bolsonaro"},"content":{"rendered":"<p>A decis\u00e3o da Executiva do DEM de desembarcar do bloco de apoio \u00e0 candidatura do deputado Baleia Rossi (MDB-SP) e a disposi\u00e7\u00e3o do PSDB e do Solidariedade de seguir o mesmo caminho levaram o presidente da C\u00e2mara, Rodrigo Maia (DEM-RJ), a amea\u00e7ar aceitar um pedido de impeachment contra o presidente Jair Bolsonaro. A elei\u00e7\u00e3o que vai escolher a nova c\u00fapula da C\u00e2mara e do Senado est\u00e1 marcada para esta segunda-feira, 1.\u00ba.<\/p>\n<p>Ao ser informado pelo presidente do DEM, ACM Neto, na noite deste domingo, 31, de que a maioria dos deputados do partido apoiaria a candidatura de Arthur Lira (Progressistas-AL) para o comando da C\u00e2mara, e n\u00e3o Baleia, Maia ficou irritado. O presidente da C\u00e2mara amea\u00e7ou at\u00e9 mesmo deixar o DEM. A reuni\u00e3o ocorreu na casa dele, onde tamb\u00e9m estavam l\u00edderes e dirigentes de partidos de oposi\u00e7\u00e3o, como o PT, o PC do B e o PSB, al\u00e9m do pr\u00f3prio MDB.<\/p>\n<p>Maia encerra o mandato \u00e0 frente da C\u00e2mara nesta segunda-feira, 1\u00ba, e, segundo apurou o Estad\u00e3o, afirmou que, se o DEM lhe impusesse uma derrota, poderia, sim, sair do partido e autorizar um dos 59 pedidos de afastamento de Bolsonaro. Integrantes da oposi\u00e7\u00e3o que estavam na reuni\u00e3o apoiaram o presidente da C\u00e2mara e chegaram a dizer que ele deveria aceitar at\u00e9 mais de um pedido contra Bolsonaro.<\/p>\n<p>ACM Neto passou na casa de Maia antes da reuni\u00e3o da Executiva do DEM justamente para informar que, dos 31 deputados da legenda, mais da metade apoiava Lira. Pelos c\u00e1lculos da ala dissidente, 22 integrantes da bancada est\u00e3o com Lira, que \u00e9 l\u00edder do Centr\u00e3o.<\/p>\n<p>O PSDB e o Solidariedade t\u00eam reuni\u00f5es marcadas para esta segunda-feira, 1\u00ba e, diante da fragilidade da candidatura de Baleia, tamb\u00e9m amea\u00e7am rif\u00e1-lo. &#8220;Ou mostramos for\u00e7a e independ\u00eancia apoiando claramente o Baleia ou adeus \u00e0s expectativas de sermos capazes de obter alian\u00e7as e ganhar as pr\u00f3ximas elei\u00e7\u00f5es. Se h\u00e1 algo que ainda marca o PSDB \u00e9 a confian\u00e7a que ele \u00e9 capaz de manter e expressar. Quem segue a vida pol\u00edtica estar\u00e1 olhando, que ningu\u00e9m se iluda&#8221;, disse recentemente o ex-presidente Fernando Henrique Cardoso em um grupo de WhatsApp da bancada tucana.<\/p>\n<p>O ex-senador Jos\u00e9 An\u00edbal foi na mesma linha. &#8220;O PSDB assumiu compromisso com Baleia. Espero que cumpra. De outro modo, \u00e9 ades\u00e3o ao genocida&#8221;, afirmou An\u00edbal neste domingo, 31.<\/p>\n<p>Maia lan\u00e7ou a candidatura de Baleia \u00e0 sua sucess\u00e3o em dezembro, com o respaldo de uma frente ampla, que incluiu partidos de esquerda. Na ocasi\u00e3o, o l\u00edder do DEM, Efraim Filho (PB), assinou um documento no qual o partido avalizava o nome do MDB.<\/p>\n<p>Diante do racha, ACM Neto atuou para amenizar a crise. Saiu da casa de Maia e foi direto para a sede do partido. Conduziu a reuni\u00e3o da Executiva pedindo para que o DEM ficasse oficialmente neutro. Al\u00e9m das amea\u00e7as de Maia, partidos de oposi\u00e7\u00e3o afirmaram que, com o abandono de Baleia por parte do DEM, tamb\u00e9m a esquerda poderia desembarcar da candidatura de Rodrigo Pacheco (DEM-MG) ao comando do Senado. At\u00e9 agora, Pacheco \u00e9 o favorito para a cadeira de Davi Alcolumbre (DEM-AP).<\/p>\n<p>Ao final da reuni\u00e3o, a c\u00fapula do DEM decidiu n\u00e3o aderir mais ao bloco de Baleia nem ao de Lira, ao menos oficialmente, assumindo posi\u00e7\u00e3o de &#8220;independ\u00eancia&#8221; e abrindo caminho para trai\u00e7\u00f5es, uma vez que o voto \u00e9 secreto. O candidato do Progressistas, no entanto, divulgou em sua agenda que nesta segunda, 1.\u00ba, \u00e0s 9h30, receber\u00e1 o apoio do DEM.<\/p>\n<p>Nos bastidores, deputados comentavam neste domingo que o racha pode afastar o apresentador Luciano Huck do DEM. Huck planeja entrar na pol\u00edtica para disputar a elei\u00e7\u00e3o para a Presid\u00eancia, em 2022, e tem flertado tanto com o DEM como com o Cidadania ao defender uma frente de centro para derrotar Bolsonaro.<\/p>\n<p>&nbsp;<\/p>\n<p><strong>Fonte: Terra<\/strong><\/p>\n<p>&nbsp;<\/p>\n","protected":false},"excerpt":{"rendered":"<p>A decis\u00e3o da Executiva do DEM de desembarcar do bloco de apoio \u00e0 candidatura do deputado Baleia Rossi (MDB-SP) e a disposi\u00e7\u00e3o do PSDB e do Solidariedade de seguir o mesmo caminho levaram o presidente da C\u00e2mara, Rodrigo Maia (DEM-RJ), a amea\u00e7ar aceitar um pedido de impeachment contra o presidente Jair Bolsonaro. A elei\u00e7\u00e3o que &hellip;<\/p>\n","protected":false},"author":1,"featured_media":12580,"comment_status":"closed","ping_status":"closed","sticky":false,"template":"","format":"standard","meta":{"_jetpack_newsletter_access":"","_jetpack_dont_email_post_to_subs":false,"_jetpack_newsletter_tier_id":0,"_jetpack_memberships_contains_paywalled_content":false,"_jetpack_memberships_contains_paid_content":false,"footnotes":""},"categories":[1],"tags":[],"class_list":["post-12579","post","type-post","status-publish","format-standard","has-post-thumbnail","hentry","category-destaque"],"jetpack_sharing_enabled":true,"jetpack_featured_media_url":"","_links":{"self":[{"href":"https:\/\/www.oparanews.com.br\/index.php\/wp-json\/wp\/v2\/posts\/12579","targetHints":{"allow":["GET"]}}],"collection":[{"href":"https:\/\/www.oparanews.com.br\/index.php\/wp-json\/wp\/v2\/posts"}],"about":[{"href":"https:\/\/www.oparanews.com.br\/index.php\/wp-json\/wp\/v2\/types\/post"}],"author":[{"embeddable":true,"href":"https:\/\/www.oparanews.com.br\/index.php\/wp-json\/wp\/v2\/users\/1"}],"replies":[{"embeddable":true,"href":"https:\/\/www.oparanews.com.br\/index.php\/wp-json\/wp\/v2\/comments?post=12579"}],"version-history":[{"count":0,"href":"https:\/\/www.oparanews.com.br\/index.php\/wp-json\/wp\/v2\/posts\/12579\/revisions"}],"wp:attachment":[{"href":"https:\/\/www.oparanews.com.br\/index.php\/wp-json\/wp\/v2\/media?parent=12579"}],"wp:term":[{"taxonomy":"category","embeddable":true,"href":"https:\/\/www.oparanews.com.br\/index.php\/wp-json\/wp\/v2\/categories?post=12579"},{"taxonomy":"post_tag","embeddable":true,"href":"https:\/\/www.oparanews.com.br\/index.php\/wp-json\/wp\/v2\/tags?post=12579"}],"curies":[{"name":"wp","href":"https:\/\/api.w.org\/{rel}","templated":true}]}}