{"id":12582,"date":"2021-02-01T20:43:37","date_gmt":"2021-02-01T20:43:37","guid":{"rendered":"https:\/\/oparanews.com.br\/?p=12582"},"modified":"2021-02-01T20:43:37","modified_gmt":"2021-02-01T20:43:37","slug":"com-auxilio-mensal-de-r-100-a-gestantes-e-familias-pobres-governo-investe-na-1a-infancia","status":"publish","type":"post","link":"https:\/\/www.oparanews.com.br\/index.php\/2021\/02\/01\/com-auxilio-mensal-de-r-100-a-gestantes-e-familias-pobres-governo-investe-na-1a-infancia\/","title":{"rendered":"Com aux\u00edlio mensal de R$ 100 a gestantes e fam\u00edlias pobres, Governo investe na 1\u00aa inf\u00e2ncia"},"content":{"rendered":"<p>Nasce um novo tempo para a primeira inf\u00e2ncia em Alagoas. Com o lan\u00e7amento do Cart\u00e3o CRIA, durante evento realizado na manh\u00e3 desta segunda-feira (1), no Centro Cultural e de Exposi\u00e7\u00f5es de Alagoas, em Macei\u00f3, o Governo do Estado estima beneficiar at\u00e9 180 mil fam\u00edlias com gestantes, beb\u00eas e crian\u00e7as at\u00e9 5 anos de idade \u2013 incluindo as portadoras da s\u00edndrome cong\u00eanita por Zika v\u00edrus at\u00e9 6 anos de idade \u2013 que vivem na pobreza ou extrema pobreza com um aux\u00edlio financeiro de R$ 100 mensais.<\/p>\n<p>O benef\u00edcio pago mensalmente deve ser destinado \u00e0 aquisi\u00e7\u00e3o de alimentos para assegurar a melhoria da qualidade nutricional do p\u00fablico-alvo. At\u00e9 meados de fevereiro, as primeiras 9 mil fam\u00edlias cadastradas j\u00e1 devem receber a primeira parcela do benef\u00edcio.<\/p>\n<p>\u201cA \u00fanica maneira eficiente e justa de o poder p\u00fablico promover o desenvolvimento econ\u00f4mico-social de um povo \u00e9 come\u00e7ando pela inf\u00e2ncia, mirando prioritariamente na parcela que vive em extrema pobreza. Este \u00e9 o esp\u00edrito do CRIA\u201d, assinalou Renata Calheiros, primeira-dama e coordenadora estadual do Programa Crian\u00e7a Alagoana. \u201c\u00c9 um novo olhar, diferenciado e confiante, para aqueles que mais necessitam. \u00c9 a m\u00e3o do Estado estendida para os pequenos \u2013 desde a gesta\u00e7\u00e3o at\u00e9 os cinco primeiros anos de vida. Portanto, essa m\u00e3e tamb\u00e9m \u00e9 parte do programa e deve receber tanta aten\u00e7\u00e3o quanto a vida que est\u00e1 gerando\u201d, complementou, ao discursar ao lado do governador Renan Filho.<\/p>\n<p>Na ocasi\u00e3o, estiveram presentes pol\u00edticos, autoridades e secret\u00e1rios de Estado, al\u00e9m de prefeitas e prefeitos de diversos munic\u00edpios alagoanos. Em sua fala, o governador Renan Filho ressaltou a import\u00e2ncia da parceria com as prefeituras para que o programa CRIA chegue aos 102 munic\u00edpios de Alagoas. \u201cO Estado investe por um lado e os munic\u00edpios devem contribuir por outro. Quando voltarem para as suas cidades, re\u00fanam as suas equipes e m\u00e3os \u00e0 obra. Vamos atr\u00e1s dessas crian\u00e7as para a gente distribuir o Cart\u00e3o CRIA\u201d, disse Renan Filho.<\/p>\n<p><strong>Pol\u00edtica p\u00fablica<\/strong><\/p>\n<p>No come\u00e7o da gest\u00e3o, em 2015, o Governo do Estado elencou os investimentos para a primeira inf\u00e2ncia como estrat\u00e9gicos. Tr\u00eas anos depois, o Programa CRIA \u2013 Crian\u00e7a Alagoana foi institu\u00eddo como a Lei Estadual n\u00ba 7.695. Pensar no futuro e cuidar do presente das alagoanas e dos alagoanos menos favorecidos se tornou pol\u00edtica p\u00fablica.<\/p>\n<p>Baseada em conceitos e pr\u00e1ticas intersetoriais e multidisciplinares, a iniciativa congrega uma s\u00e9rie de protocolos, a\u00e7\u00f5es e realiza\u00e7\u00f5es que envolvem e interligam as \u00e1reas da Sa\u00fade, Educa\u00e7\u00e3o, Assist\u00eancia Social e Desenvolvimento com o objetivo de aprimorar os cuidados para gestantes, beb\u00eas e crian\u00e7as at\u00e9 6 anos de idade que vivem em situa\u00e7\u00e3o de vulnerabilidade social e econ\u00f4mica.<\/p>\n<p>Ao implementar o programa, o governador Renan Filho respondeu tanto a uma evid\u00eancia cient\u00edfica quanto a um dever constitucional: a primeira inf\u00e2ncia \u00e9 o per\u00edodo mais sens\u00edvel para o desenvolvimento do ser humano. Momento crucial para estimular a capacidade cognitiva, o aprendizado e a mem\u00f3ria, al\u00e9m de determinante no despertar das emo\u00e7\u00f5es. \u201cQuanto melhor criada \u00e9 uma crian\u00e7a, melhor adulto ela ser\u00e1. Quanto mais assist\u00eancia uma fam\u00edlia puder ter, mais produtiva ser\u00e1 essa crian\u00e7a\u201d, finalizou o governador.<\/p>\n<p>&nbsp;<\/p>\n<p><strong>Fonte: Ag\u00eancia Alagoas<\/strong><\/p>\n<p>&nbsp;<\/p>\n","protected":false},"excerpt":{"rendered":"<p>Nasce um novo tempo para a primeira inf\u00e2ncia em Alagoas. Com o lan\u00e7amento do Cart\u00e3o CRIA, durante evento realizado na manh\u00e3 desta segunda-feira (1), no Centro Cultural e de Exposi\u00e7\u00f5es de Alagoas, em Macei\u00f3, o Governo do Estado estima beneficiar at\u00e9 180 mil fam\u00edlias com gestantes, beb\u00eas e crian\u00e7as at\u00e9 5 anos de idade \u2013 &hellip;<\/p>\n","protected":false},"author":1,"featured_media":12583,"comment_status":"closed","ping_status":"closed","sticky":false,"template":"","format":"standard","meta":{"_jetpack_newsletter_access":"","_jetpack_dont_email_post_to_subs":false,"_jetpack_newsletter_tier_id":0,"_jetpack_memberships_contains_paywalled_content":false,"_jetpack_memberships_contains_paid_content":false,"footnotes":""},"categories":[1],"tags":[],"class_list":["post-12582","post","type-post","status-publish","format-standard","has-post-thumbnail","hentry","category-destaque"],"jetpack_sharing_enabled":true,"jetpack_featured_media_url":"","_links":{"self":[{"href":"https:\/\/www.oparanews.com.br\/index.php\/wp-json\/wp\/v2\/posts\/12582","targetHints":{"allow":["GET"]}}],"collection":[{"href":"https:\/\/www.oparanews.com.br\/index.php\/wp-json\/wp\/v2\/posts"}],"about":[{"href":"https:\/\/www.oparanews.com.br\/index.php\/wp-json\/wp\/v2\/types\/post"}],"author":[{"embeddable":true,"href":"https:\/\/www.oparanews.com.br\/index.php\/wp-json\/wp\/v2\/users\/1"}],"replies":[{"embeddable":true,"href":"https:\/\/www.oparanews.com.br\/index.php\/wp-json\/wp\/v2\/comments?post=12582"}],"version-history":[{"count":0,"href":"https:\/\/www.oparanews.com.br\/index.php\/wp-json\/wp\/v2\/posts\/12582\/revisions"}],"wp:attachment":[{"href":"https:\/\/www.oparanews.com.br\/index.php\/wp-json\/wp\/v2\/media?parent=12582"}],"wp:term":[{"taxonomy":"category","embeddable":true,"href":"https:\/\/www.oparanews.com.br\/index.php\/wp-json\/wp\/v2\/categories?post=12582"},{"taxonomy":"post_tag","embeddable":true,"href":"https:\/\/www.oparanews.com.br\/index.php\/wp-json\/wp\/v2\/tags?post=12582"}],"curies":[{"name":"wp","href":"https:\/\/api.w.org\/{rel}","templated":true}]}}