{"id":12588,"date":"2021-02-01T20:48:19","date_gmt":"2021-02-01T20:48:19","guid":{"rendered":"https:\/\/oparanews.com.br\/?p=12588"},"modified":"2021-02-01T20:48:19","modified_gmt":"2021-02-01T20:48:19","slug":"alagoas-confirma-452-novos-casos-e-mais-oito-mortes-por-covid-19","status":"publish","type":"post","link":"https:\/\/www.oparanews.com.br\/index.php\/2021\/02\/01\/alagoas-confirma-452-novos-casos-e-mais-oito-mortes-por-covid-19\/","title":{"rendered":"Alagoas confirma 452 novos casos e mais oito mortes por Covid-19"},"content":{"rendered":"<p>Alagoas confirmou 452 novos casos e mais oito mortes por Covid-19, segundo o boletim epidemiol\u00f3gico da Secretaria de Estado da Sa\u00fade (Sesau) desta segunda-feira (1).<\/p>\n<p>O estado contabilizou 118.220 casos confirmados e 2.754 de pessoas infectadas pelo novo coronav\u00edrus desde o come\u00e7o da pandemia.<\/p>\n<p>Do total de casos confirmados, 113.185 pacientes se recuperaram.<\/p>\n<p>H\u00e1 7.654 casos suspeitos em todo o estado.<\/p>\n<p><strong>Mais oito mortes por Covid-19<\/strong><\/p>\n<p>Macei\u00f3: Mulher, 36 anos \u2013 diab\u00e9tica<br \/>\nMacei\u00f3: Mulher, 54 anos \u2013 imunossuprimida<br \/>\nMacei\u00f3: Homem, 68 anos \u2013 cardiopata, diab\u00e9tico, hipertenso e tinha pneumopatia cr\u00f4nica<br \/>\nMacei\u00f3: Homem, 71 anos \u2013 hipertenso e diab\u00e9tico<br \/>\nS\u00e3o Jos\u00e9 da Laje: Homem, 61 anos \u2013 hipertenso e diab\u00e9tico<br \/>\nBranquinha: Homem, 69 anos \u2013 sem comorbidades<br \/>\nCh\u00e3 Preta: Homem, 78 anos \u2013 sem comorbidades<br \/>\nRio Largo: Mulher, 49 anos \u2013 hipertensa e diab\u00e9tica<\/p>\n<p>&nbsp;<\/p>\n<p><strong>Fonte: G1\/AL<\/strong><\/p>\n<p>&nbsp;<\/p>\n","protected":false},"excerpt":{"rendered":"<p>Alagoas confirmou 452 novos casos e mais oito mortes por Covid-19, segundo o boletim epidemiol\u00f3gico da Secretaria de Estado da Sa\u00fade (Sesau) desta segunda-feira (1). O estado contabilizou 118.220 casos confirmados e 2.754 de pessoas infectadas pelo novo coronav\u00edrus desde o come\u00e7o da pandemia. Do total de casos confirmados, 113.185 pacientes se recuperaram. H\u00e1 7.654 &hellip;<\/p>\n","protected":false},"author":1,"featured_media":9389,"comment_status":"closed","ping_status":"closed","sticky":false,"template":"","format":"standard","meta":{"_jetpack_newsletter_access":"","_jetpack_dont_email_post_to_subs":false,"_jetpack_newsletter_tier_id":0,"_jetpack_memberships_contains_paywalled_content":false,"_jetpack_memberships_contains_paid_content":false,"footnotes":""},"categories":[1],"tags":[],"class_list":["post-12588","post","type-post","status-publish","format-standard","has-post-thumbnail","hentry","category-destaque"],"jetpack_sharing_enabled":true,"jetpack_featured_media_url":"","_links":{"self":[{"href":"https:\/\/www.oparanews.com.br\/index.php\/wp-json\/wp\/v2\/posts\/12588","targetHints":{"allow":["GET"]}}],"collection":[{"href":"https:\/\/www.oparanews.com.br\/index.php\/wp-json\/wp\/v2\/posts"}],"about":[{"href":"https:\/\/www.oparanews.com.br\/index.php\/wp-json\/wp\/v2\/types\/post"}],"author":[{"embeddable":true,"href":"https:\/\/www.oparanews.com.br\/index.php\/wp-json\/wp\/v2\/users\/1"}],"replies":[{"embeddable":true,"href":"https:\/\/www.oparanews.com.br\/index.php\/wp-json\/wp\/v2\/comments?post=12588"}],"version-history":[{"count":0,"href":"https:\/\/www.oparanews.com.br\/index.php\/wp-json\/wp\/v2\/posts\/12588\/revisions"}],"wp:attachment":[{"href":"https:\/\/www.oparanews.com.br\/index.php\/wp-json\/wp\/v2\/media?parent=12588"}],"wp:term":[{"taxonomy":"category","embeddable":true,"href":"https:\/\/www.oparanews.com.br\/index.php\/wp-json\/wp\/v2\/categories?post=12588"},{"taxonomy":"post_tag","embeddable":true,"href":"https:\/\/www.oparanews.com.br\/index.php\/wp-json\/wp\/v2\/tags?post=12588"}],"curies":[{"name":"wp","href":"https:\/\/api.w.org\/{rel}","templated":true}]}}