{"id":12590,"date":"2021-02-01T21:14:42","date_gmt":"2021-02-01T21:14:42","guid":{"rendered":"https:\/\/oparanews.com.br\/?p=12590"},"modified":"2021-02-01T21:14:42","modified_gmt":"2021-02-01T21:14:42","slug":"semarh-penedo-lanca-cadastro-para-catadores-de-material-reciclado","status":"publish","type":"post","link":"https:\/\/www.oparanews.com.br\/index.php\/2021\/02\/01\/semarh-penedo-lanca-cadastro-para-catadores-de-material-reciclado\/","title":{"rendered":"SEMARH Penedo lan\u00e7a cadastro para catadores de material reciclado"},"content":{"rendered":"<p>A Secretaria de Meio Ambiente e Recursos H\u00eddricos da Prefeitura de Penedo convoca as pessoas que trabalham ou tenham interesse em atuar na coleta de material recicl\u00e1vel para se cadastrarem.<\/p>\n<p>O objetivo \u00e9 a forma\u00e7\u00e3o de uma cooperativa de coletores de materiais recicl\u00e1veis em Penedo.<\/p>\n<p>Os cadastros ser\u00e3o realizados de 02 a 15 de fevereiro, no hor\u00e1rio das 9h \u00e0s 13h, sede da SEMARH, localizada na Rua D\u00e2maso do Monte, n\u00ba 157, pr\u00f3ximo \u00e0 prefeitura.<\/p>\n<p>A equipe t\u00e9cnica da SEMARH Penedo realizou visitas a cooperativas de reciclagem no Estado de Alagoas, com o objetivo de conhecer a estrutura interna de uma cooperativa do g\u00eanero, para implanta\u00e7\u00e3o na cidade, projeto elaborado pela Prefeitura de Penedo.<\/p>\n<p>De acordo com a SEMARH Penedo, a cooperativa que ser\u00e1 implantada no munic\u00edpio ir\u00e1 atuar na coleta seletiva de res\u00edduos s\u00f3lidos, que sejam recicl\u00e1veis e ser\u00e3o posteriormente vendidos para empresas e ind\u00fastrias que usam esses res\u00edduos como mat\u00e9ria-prima.<\/p>\n<p>Com a cria\u00e7\u00e3o de cooperativas de reciclagem, o volume de material que \u00e9 enviado aos aterros sanit\u00e1rios \u00e9 reduzido, contribuindo tamb\u00e9m com a limpeza urbana em sua totalidade.<\/p>\n<p>O trabalho realizado por uma cooperativa de reciclagem envolve a separa\u00e7\u00e3o dos itens, entre eles: pl\u00e1sticos, metais ou papel\u00e3o e tamb\u00e9m a utiliza\u00e7\u00e3o de uma prensa mec\u00e2nica, na qual os materiais s\u00e3o inseridos para compacta\u00e7\u00e3o.<\/p>\n<p>&nbsp;<\/p>\n<p><strong>por Thiago Sobral &#8211; jornalista Decom (PMP)<\/strong><\/p>\n<p>&nbsp;<\/p>\n","protected":false},"excerpt":{"rendered":"<p>A Secretaria de Meio Ambiente e Recursos H\u00eddricos da Prefeitura de Penedo convoca as pessoas que trabalham ou tenham interesse em atuar na coleta de material recicl\u00e1vel para se cadastrarem. O objetivo \u00e9 a forma\u00e7\u00e3o de uma cooperativa de coletores de materiais recicl\u00e1veis em Penedo. Os cadastros ser\u00e3o realizados de 02 a 15 de fevereiro, &hellip;<\/p>\n","protected":false},"author":1,"featured_media":12591,"comment_status":"closed","ping_status":"closed","sticky":false,"template":"","format":"standard","meta":{"_jetpack_newsletter_access":"","_jetpack_dont_email_post_to_subs":false,"_jetpack_newsletter_tier_id":0,"_jetpack_memberships_contains_paywalled_content":false,"_jetpack_memberships_contains_paid_content":false,"footnotes":""},"categories":[1],"tags":[],"class_list":["post-12590","post","type-post","status-publish","format-standard","has-post-thumbnail","hentry","category-destaque"],"jetpack_sharing_enabled":true,"jetpack_featured_media_url":"","_links":{"self":[{"href":"https:\/\/www.oparanews.com.br\/index.php\/wp-json\/wp\/v2\/posts\/12590","targetHints":{"allow":["GET"]}}],"collection":[{"href":"https:\/\/www.oparanews.com.br\/index.php\/wp-json\/wp\/v2\/posts"}],"about":[{"href":"https:\/\/www.oparanews.com.br\/index.php\/wp-json\/wp\/v2\/types\/post"}],"author":[{"embeddable":true,"href":"https:\/\/www.oparanews.com.br\/index.php\/wp-json\/wp\/v2\/users\/1"}],"replies":[{"embeddable":true,"href":"https:\/\/www.oparanews.com.br\/index.php\/wp-json\/wp\/v2\/comments?post=12590"}],"version-history":[{"count":0,"href":"https:\/\/www.oparanews.com.br\/index.php\/wp-json\/wp\/v2\/posts\/12590\/revisions"}],"wp:attachment":[{"href":"https:\/\/www.oparanews.com.br\/index.php\/wp-json\/wp\/v2\/media?parent=12590"}],"wp:term":[{"taxonomy":"category","embeddable":true,"href":"https:\/\/www.oparanews.com.br\/index.php\/wp-json\/wp\/v2\/categories?post=12590"},{"taxonomy":"post_tag","embeddable":true,"href":"https:\/\/www.oparanews.com.br\/index.php\/wp-json\/wp\/v2\/tags?post=12590"}],"curies":[{"name":"wp","href":"https:\/\/api.w.org\/{rel}","templated":true}]}}