{"id":12593,"date":"2021-02-01T21:18:47","date_gmt":"2021-02-01T21:18:47","guid":{"rendered":"https:\/\/oparanews.com.br\/?p=12593"},"modified":"2021-02-01T21:18:47","modified_gmt":"2021-02-01T21:18:47","slug":"vigilancia-sanitaria-acompanha-retorno-das-aulas-presenciais-em-penedo","status":"publish","type":"post","link":"https:\/\/www.oparanews.com.br\/index.php\/2021\/02\/01\/vigilancia-sanitaria-acompanha-retorno-das-aulas-presenciais-em-penedo\/","title":{"rendered":"Vigil\u00e2ncia Sanit\u00e1ria acompanha retorno das aulas presenciais em Penedo"},"content":{"rendered":"<p>Escolas que voltam a ofertar aulas presenciais em Penedo est\u00e3o sendo inspecionadas pela Secretaria Municipal de Sa\u00fade (SEMS). O trabalho realizado por meio da Vigil\u00e2ncia Sanit\u00e1ria verifica a adequa\u00e7\u00e3o \u00e0s normas de preven\u00e7\u00e3o contra o coronav\u00edrus.<\/p>\n<p>O protocolo estabelecido pelo Minist\u00e9rio da Sa\u00fade prev\u00ea, entre outros pontos, a disponibiliza\u00e7\u00e3o de \u00e1lcool 70% dentro das unidades de ensino, salas utilizadas at\u00e9 metade de sua capacidade para comportar alunos e hor\u00e1rio diferenciado para entrada e sa\u00edda das turmas dos ensinos infantil, fundamental e m\u00e9dio.<\/p>\n<p>Tamb\u00e9m \u00e9 exigido o uso de Equipamentos de Prote\u00e7\u00e3o Individual (EPIs) para quem trabalha na escola e de m\u00e1scara para estudantes.<\/p>\n<p>As normas estabelecidas para in\u00edcio do ano letivo, adaptado \u00e0 pandemia da Covid-19, j\u00e1 est\u00e3o vigorando na Escola Nossa Senhora Auxiliadora, conforme se constatou durante a inspe\u00e7\u00e3o realizada nesta segunda-feira, 01 de fevereiro.<\/p>\n<p>Nos acessos, tapetes apropriados para higieniza\u00e7\u00e3o da sola dos cal\u00e7ados e funcion\u00e1rios protegidos, inclusive com escudo protetor facial. No p\u00e1tio coberto, um X feito com fita mostra que ainda n\u00e3o \u00e9 poss\u00edvel sentar ao lado do colega no banco. No ch\u00e3o, marca\u00e7\u00f5es indicam o espa\u00e7o para dist\u00e2ncia entre os que estar\u00e3o na fila para a cantina.<\/p>\n<p>As adequa\u00e7\u00f5es tamb\u00e9m ocorreram dentro das salas que n\u00e3o tinham janelas, abertura necess\u00e1ria necess\u00e1ria para circula\u00e7\u00e3o do ar, e transmiss\u00e3o ao vivo das aulas. Assim, o pai ou respons\u00e1vel pelo estudante que preferir n\u00e3o levar a crian\u00e7a\/adolescente para a escola, poder\u00e1 acompanhar o ensino de forma on-line.<\/p>\n<p>A inspe\u00e7\u00e3o da Vigil\u00e2ncia Sanit\u00e1ria ter\u00e1 prosseguimento durante a semana, mais uma a\u00e7\u00e3o na rotina de trabalho da Prefeitura de Penedo.<\/p>\n<p>\u201cN\u00f3s j\u00e1 realizamos fiscaliza\u00e7\u00e3o das escolas normalmente, no que se refere aos alimentos servidos na merenda, a higiene total da escola, qualidade da \u00e1gua servida aos estudantes e agora, em fun\u00e7\u00e3o da pandemia da Covid-19, tomamos a iniciativa visitar para orientar e observar sobre a volta das aulas presenciais\u201d, explica \u00c2ngelo Mendes, Diretor da Vigil\u00e2ncia Sanit\u00e1ria da SEMS Penedo.<\/p>\n<p>\u201cAqui n\u00f3s encontramos tudo em perfeitas condi\u00e7\u00f5es, seguindo as recomenda\u00e7\u00f5es dos decretos e os decretos relacionados com o retorno das aulas\u201d, acrescentou \u00c2ngelo Mendes sobre a escola visitada neste primeiro dia de fevereiro, frisando que a Vigil\u00e2ncia Sanit\u00e1ria intensificar\u00e1 a\u00e7\u00f5es em outros setores com o mesmo objetivo: trabalhar em favor da popula\u00e7\u00e3o de Penedo no combate \u00e0 Covid-19.<\/p>\n<p>&nbsp;<\/p>\n<p><strong>por Fernando Vin\u00edcius \u2013 Decom PMP<\/strong><\/p>\n<p>&nbsp;<\/p>\n","protected":false},"excerpt":{"rendered":"<p>Escolas que voltam a ofertar aulas presenciais em Penedo est\u00e3o sendo inspecionadas pela Secretaria Municipal de Sa\u00fade (SEMS). O trabalho realizado por meio da Vigil\u00e2ncia Sanit\u00e1ria verifica a adequa\u00e7\u00e3o \u00e0s normas de preven\u00e7\u00e3o contra o coronav\u00edrus. O protocolo estabelecido pelo Minist\u00e9rio da Sa\u00fade prev\u00ea, entre outros pontos, a disponibiliza\u00e7\u00e3o de \u00e1lcool 70% dentro das unidades &hellip;<\/p>\n","protected":false},"author":1,"featured_media":12594,"comment_status":"closed","ping_status":"closed","sticky":false,"template":"","format":"standard","meta":{"_jetpack_newsletter_access":"","_jetpack_dont_email_post_to_subs":false,"_jetpack_newsletter_tier_id":0,"_jetpack_memberships_contains_paywalled_content":false,"_jetpack_memberships_contains_paid_content":false,"footnotes":""},"categories":[1],"tags":[],"class_list":["post-12593","post","type-post","status-publish","format-standard","has-post-thumbnail","hentry","category-destaque"],"jetpack_sharing_enabled":true,"jetpack_featured_media_url":"","_links":{"self":[{"href":"https:\/\/www.oparanews.com.br\/index.php\/wp-json\/wp\/v2\/posts\/12593","targetHints":{"allow":["GET"]}}],"collection":[{"href":"https:\/\/www.oparanews.com.br\/index.php\/wp-json\/wp\/v2\/posts"}],"about":[{"href":"https:\/\/www.oparanews.com.br\/index.php\/wp-json\/wp\/v2\/types\/post"}],"author":[{"embeddable":true,"href":"https:\/\/www.oparanews.com.br\/index.php\/wp-json\/wp\/v2\/users\/1"}],"replies":[{"embeddable":true,"href":"https:\/\/www.oparanews.com.br\/index.php\/wp-json\/wp\/v2\/comments?post=12593"}],"version-history":[{"count":0,"href":"https:\/\/www.oparanews.com.br\/index.php\/wp-json\/wp\/v2\/posts\/12593\/revisions"}],"wp:attachment":[{"href":"https:\/\/www.oparanews.com.br\/index.php\/wp-json\/wp\/v2\/media?parent=12593"}],"wp:term":[{"taxonomy":"category","embeddable":true,"href":"https:\/\/www.oparanews.com.br\/index.php\/wp-json\/wp\/v2\/categories?post=12593"},{"taxonomy":"post_tag","embeddable":true,"href":"https:\/\/www.oparanews.com.br\/index.php\/wp-json\/wp\/v2\/tags?post=12593"}],"curies":[{"name":"wp","href":"https:\/\/api.w.org\/{rel}","templated":true}]}}