{"id":12596,"date":"2021-02-01T21:22:49","date_gmt":"2021-02-01T21:22:49","guid":{"rendered":"https:\/\/oparanews.com.br\/?p=12596"},"modified":"2021-02-01T21:22:49","modified_gmt":"2021-02-01T21:22:49","slug":"sao-paulo-demite-fernando-diniz","status":"publish","type":"post","link":"https:\/\/www.oparanews.com.br\/index.php\/2021\/02\/01\/sao-paulo-demite-fernando-diniz\/","title":{"rendered":"S\u00e3o Paulo demite Fernando Diniz"},"content":{"rendered":"<p>O S\u00e3o Paulo demitiu o t\u00e9cnico Fernando Diniz nesta segunda-feira, um dia depois da derrota por 2 a 1 para o Atl\u00e9tico-GO. Ele n\u00e3o resistiu a uma crise pesada: o time n\u00e3o vence h\u00e1 sete jogos, seis deles pelo Brasileir\u00e3o. Marcos Vizolli, auxiliar fixo da comiss\u00e3o do profissional, assume interinamente a equipe<\/p>\n<p>Al\u00e9m de Diniz, sai o diretor-executivo Ra\u00ed, \u00eddolo do clube. Segundo nota publicada pelo S\u00e3o Paulo nesta segunda-feira, Ra\u00ed pediu para deixar o cargo ao ser informado da demiss\u00e3o do treinador.<\/p>\n<p>Contratado em setembro de 2019, o treinador deixa o clube sem conquistar nenhum t\u00edtulo. Foram 74 jogos, com 34 vit\u00f3rias, 20 empates e 20 derrotas. Em outras duas ocasi\u00f5es, o treinador esteve suspenso, e o auxiliar Marcio Ara\u00fajo o substituiu. Ara\u00fajo, assim como Wagner Bertelli e Eduardo Zuma, membros da comiss\u00e3o t\u00e9cnica de Diniz, tamb\u00e9m foram demitidos.<\/p>\n<p>A demiss\u00e3o de Fernando Diniz ocorre em um dos piores momentos do S\u00e3o Paulo na temporada. O Tricolor n\u00e3o venceu nenhuma vez no ano, foi eliminado na semifinal da Copa do Brasil e caiu de l\u00edder para quarto colocado.<\/p>\n<p>&nbsp;<\/p>\n<p><strong>Fonte: GE<\/strong><\/p>\n<p>&nbsp;<\/p>\n","protected":false},"excerpt":{"rendered":"<p>O S\u00e3o Paulo demitiu o t\u00e9cnico Fernando Diniz nesta segunda-feira, um dia depois da derrota por 2 a 1 para o Atl\u00e9tico-GO. Ele n\u00e3o resistiu a uma crise pesada: o time n\u00e3o vence h\u00e1 sete jogos, seis deles pelo Brasileir\u00e3o. Marcos Vizolli, auxiliar fixo da comiss\u00e3o do profissional, assume interinamente a equipe Al\u00e9m de Diniz, &hellip;<\/p>\n","protected":false},"author":1,"featured_media":12597,"comment_status":"closed","ping_status":"closed","sticky":false,"template":"","format":"standard","meta":{"_jetpack_newsletter_access":"","_jetpack_dont_email_post_to_subs":false,"_jetpack_newsletter_tier_id":0,"_jetpack_memberships_contains_paywalled_content":false,"_jetpack_memberships_contains_paid_content":false,"footnotes":""},"categories":[1],"tags":[],"class_list":["post-12596","post","type-post","status-publish","format-standard","has-post-thumbnail","hentry","category-destaque"],"jetpack_sharing_enabled":true,"jetpack_featured_media_url":"","_links":{"self":[{"href":"https:\/\/www.oparanews.com.br\/index.php\/wp-json\/wp\/v2\/posts\/12596","targetHints":{"allow":["GET"]}}],"collection":[{"href":"https:\/\/www.oparanews.com.br\/index.php\/wp-json\/wp\/v2\/posts"}],"about":[{"href":"https:\/\/www.oparanews.com.br\/index.php\/wp-json\/wp\/v2\/types\/post"}],"author":[{"embeddable":true,"href":"https:\/\/www.oparanews.com.br\/index.php\/wp-json\/wp\/v2\/users\/1"}],"replies":[{"embeddable":true,"href":"https:\/\/www.oparanews.com.br\/index.php\/wp-json\/wp\/v2\/comments?post=12596"}],"version-history":[{"count":0,"href":"https:\/\/www.oparanews.com.br\/index.php\/wp-json\/wp\/v2\/posts\/12596\/revisions"}],"wp:attachment":[{"href":"https:\/\/www.oparanews.com.br\/index.php\/wp-json\/wp\/v2\/media?parent=12596"}],"wp:term":[{"taxonomy":"category","embeddable":true,"href":"https:\/\/www.oparanews.com.br\/index.php\/wp-json\/wp\/v2\/categories?post=12596"},{"taxonomy":"post_tag","embeddable":true,"href":"https:\/\/www.oparanews.com.br\/index.php\/wp-json\/wp\/v2\/tags?post=12596"}],"curies":[{"name":"wp","href":"https:\/\/api.w.org\/{rel}","templated":true}]}}