{"id":12599,"date":"2021-02-01T21:24:40","date_gmt":"2021-02-01T21:24:40","guid":{"rendered":"https:\/\/oparanews.com.br\/?p=12599"},"modified":"2021-02-01T21:24:40","modified_gmt":"2021-02-01T21:24:40","slug":"abel-braga-recusa-sondagem-do-al-nasr","status":"publish","type":"post","link":"https:\/\/www.oparanews.com.br\/index.php\/2021\/02\/01\/abel-braga-recusa-sondagem-do-al-nasr\/","title":{"rendered":"Abel Braga recusa sondagem do Al-Nasr"},"content":{"rendered":"<p>A lideran\u00e7a isolada no Brasileir\u00e3o com o recorde de vit\u00f3rias consecutivas atrai os olhares para o trabalho de Abel Braga no Inter. O Al-Nasr, dos Emirados \u00c1rabes, fez uma sondagem ao treinador para tentar a sua contrata\u00e7\u00e3o.<\/p>\n<p>Mas a investida foi recha\u00e7ada por Abel. O clube \u00e1rabe procurou o estafe do t\u00e9cnico com a inten\u00e7\u00e3o de contrat\u00e1-lo de imediato. E deixar o Inter agora est\u00e1 fora de cogita\u00e7\u00e3o. A informa\u00e7\u00e3o da sondagem do Al-Nasr foi publicada pelo site Goal e confirmada pelo ge.<\/p>\n<p>A diretoria colorada nega ter sido procurada pelo Al-Nasr. Em r\u00e1pido contado com o ge, o vice de futebol Jo\u00e3o Patr\u00edcio Hermann disse apenas: &#8220;Foco no Athletico&#8221;.<\/p>\n<p>E isso vale n\u00e3o apenas para a sondagem do clube \u00e1rabe, mas tamb\u00e9m para qualquer conversa sobre o futuro do cargo e do clube para a pr\u00f3xima temporada. Abel tem contrato com o Inter apenas at\u00e9 o final do Brasileir\u00e3o.<\/p>\n<p>Tanto o treinador quanto a diretoria colorada n\u00e3o pretendem discutir a renova\u00e7\u00e3o ou n\u00e3o do contrato neste momento. O clube evitar todo e qualquer assunto que possa interferir na briga pelo t\u00edtulo no Campeonato Brasileiro. H\u00e1 uma blindagem para que nada extracampo seja &#8220;problema&#8221; nesta reta final.<\/p>\n<p>Assim, os planejamentos para a pr\u00f3xima temporada est\u00e3o congelados. Vale lembrar que a diretoria colorada j\u00e1 tem um acerto verbal com Miguel \u00c1ngel Ram\u00edrez para 2021. Mas as tratativas n\u00e3o foram oficializadas.<\/p>\n<p>O Inter \u00e9 l\u00edder do Brasileir\u00e3o com 65 pontos a cinco rodadas do fim da competi\u00e7\u00e3o. O Colorado volta a campo na pr\u00f3xima quinta-feira, \u00e0s 21h, quando enfrenta o Athletico no Beira-RIo pela 34\u00aa rodada.<\/p>\n<p>Em sua s\u00e9tima passagem pelo Inter, Abel soma 17 jogos no comando da equipe. S\u00e3o 11 vit\u00f3rias, dois empates e quatro derrotas, com 68,6% de aproveitamento.<\/p>\n<p>&nbsp;<\/p>\n<p><strong>Fonte: GE<\/strong><\/p>\n<p>&nbsp;<\/p>\n","protected":false},"excerpt":{"rendered":"<p>A lideran\u00e7a isolada no Brasileir\u00e3o com o recorde de vit\u00f3rias consecutivas atrai os olhares para o trabalho de Abel Braga no Inter. O Al-Nasr, dos Emirados \u00c1rabes, fez uma sondagem ao treinador para tentar a sua contrata\u00e7\u00e3o. Mas a investida foi recha\u00e7ada por Abel. O clube \u00e1rabe procurou o estafe do t\u00e9cnico com a inten\u00e7\u00e3o &hellip;<\/p>\n","protected":false},"author":1,"featured_media":12600,"comment_status":"closed","ping_status":"closed","sticky":false,"template":"","format":"standard","meta":{"_jetpack_newsletter_access":"","_jetpack_dont_email_post_to_subs":false,"_jetpack_newsletter_tier_id":0,"_jetpack_memberships_contains_paywalled_content":false,"_jetpack_memberships_contains_paid_content":false,"footnotes":""},"categories":[1],"tags":[],"class_list":["post-12599","post","type-post","status-publish","format-standard","has-post-thumbnail","hentry","category-destaque"],"jetpack_sharing_enabled":true,"jetpack_featured_media_url":"","_links":{"self":[{"href":"https:\/\/www.oparanews.com.br\/index.php\/wp-json\/wp\/v2\/posts\/12599","targetHints":{"allow":["GET"]}}],"collection":[{"href":"https:\/\/www.oparanews.com.br\/index.php\/wp-json\/wp\/v2\/posts"}],"about":[{"href":"https:\/\/www.oparanews.com.br\/index.php\/wp-json\/wp\/v2\/types\/post"}],"author":[{"embeddable":true,"href":"https:\/\/www.oparanews.com.br\/index.php\/wp-json\/wp\/v2\/users\/1"}],"replies":[{"embeddable":true,"href":"https:\/\/www.oparanews.com.br\/index.php\/wp-json\/wp\/v2\/comments?post=12599"}],"version-history":[{"count":0,"href":"https:\/\/www.oparanews.com.br\/index.php\/wp-json\/wp\/v2\/posts\/12599\/revisions"}],"wp:attachment":[{"href":"https:\/\/www.oparanews.com.br\/index.php\/wp-json\/wp\/v2\/media?parent=12599"}],"wp:term":[{"taxonomy":"category","embeddable":true,"href":"https:\/\/www.oparanews.com.br\/index.php\/wp-json\/wp\/v2\/categories?post=12599"},{"taxonomy":"post_tag","embeddable":true,"href":"https:\/\/www.oparanews.com.br\/index.php\/wp-json\/wp\/v2\/tags?post=12599"}],"curies":[{"name":"wp","href":"https:\/\/api.w.org\/{rel}","templated":true}]}}