{"id":12602,"date":"2021-02-01T21:42:00","date_gmt":"2021-02-01T21:42:00","guid":{"rendered":"https:\/\/oparanews.com.br\/?p=12602"},"modified":"2021-02-01T21:42:00","modified_gmt":"2021-02-01T21:42:00","slug":"padre-e-freira-morrem-de-covid-19-no-mesmo-dia","status":"publish","type":"post","link":"https:\/\/www.oparanews.com.br\/index.php\/2021\/02\/01\/padre-e-freira-morrem-de-covid-19-no-mesmo-dia\/","title":{"rendered":"Padre e freira morrem de covid-19 no mesmo dia"},"content":{"rendered":"<p>A Arquidiocese de Botucatu, interior de S\u00e3o Paulo, comunicou nesse domingo, 31, as mortes do padre Sebasti\u00e3o dos Santos e da freira Maria Aparecida de Oliveira, ambos pela covid-19. Desde o in\u00edcio da pandemia, 43 sacerdotes e tr\u00eas bispos morreram com a doen\u00e7a no pa\u00eds, segundo a Comiss\u00e3o Nacional de Presb\u00edteros, \u00f3rg\u00e3o vinculado \u00e0 Confer\u00eancia Nacional dos Bispos do Brasil (CNBB). N\u00e3o h\u00e1 levantamento sobre o n\u00famero de religiosas v\u00edtimas da doen\u00e7a. Nesta ter\u00e7a-feira, 2, a CNBB promove um dia nacional de ora\u00e7\u00e3o pelas v\u00edtimas da pandemia.<\/p>\n<p>O padre Sebasti\u00e3o tinha 48 anos e era p\u00e1roco do Santu\u00e1rio Nossa Senhora das Dores, em Avar\u00e9. Ele estava internado em um hospital particular de Botucatu. O corpo do sacerdote foi sepultado no domingo, sem vel\u00f3rio, no Cemit\u00e9rio Municipal de Cerqueira C\u00e9sar, na mesma regi\u00e3o. Ele havia atuado tamb\u00e9m como p\u00e1roco em Laranjal Paulista. A cidade decretou luto oficial.<\/p>\n<p>No mesmo dia, faleceu a freira Maria Aparecida de Oliveira, de 97 anos, tamb\u00e9m em decorr\u00eancia da covid-19. A religiosa pertencia \u00e0 Congrega\u00e7\u00e3o Servas do Senhor. O corpo foi sepultado no Cemit\u00e9rio Portal das Cruzes. Maria Aparecida era uma das 11 freiras contaminadas durante um surto do novo coronav\u00edrus no Convento das Servas do Senhor. Outras tr\u00eas continuam internadas no Hospital das Cl\u00ednicas de Botucatu, uma em estado grave. As demais religiosas est\u00e3o em isolamento.<\/p>\n<p>A CNBB adotou cuidados especiais em rela\u00e7\u00e3o aos seus bispos, j\u00e1 que a maioria tem mais de 60 anos e est\u00e3o em grupo de risco. Mesmo assim, em abril do ano passado, o bispo em\u00e9rito da Para\u00edba, d. Aldo Pagotto, morreu ap\u00f3s contrair a doen\u00e7a. Em julho, foi registrado o \u00f3bito do bispo de Palmares (PE), D. Henrique Soares da Costa. Em janeiro deste ano, a v\u00edtima da covid-19 foi o arcebispo em\u00e9rito do Rio de Janeiro, d. Eus\u00e9bio Scheid.<\/p>\n<p><strong>ORA\u00c7\u00c3O<\/strong><\/p>\n<p>Nesta ter\u00e7a-feira, 2, a CNBB realiza o Dia de Ora\u00e7\u00e3o diante da pandemia da covid-19. Na liturgia da Igreja, o dia marca a festa da apresenta\u00e7\u00e3o de Jesus no templo e tamb\u00e9m \u00e9 dedicado \u00e0 Nossa Senhora da Luz. Conforme o bispo auxiliar da arquidiocese do Rio e secret\u00e1rio-geral da CNBB, dom Joel Portella Amado, a data foi escolhida para fortalecer a esperan\u00e7a dos brasileiros frente \u00e0s incertezas provocadas pela pandemia. &#8220;Queremos, com este dia de ora\u00e7\u00e3o, pedir a Deus para alimentar nossa esperan\u00e7a e \u00e2nimo para nos mantermos firmes no enfrentamento \u00e0 pandemia&#8221;, disse.<\/p>\n<p>A CNBB pede que, durante as ora\u00e7\u00f5es, os fi\u00e9is acendam uma vela, como sinal de esperan\u00e7a. A programa\u00e7\u00e3o come\u00e7a \u00e0 9 horas, com missa no Santu\u00e1rio Nossa Senhora da Piedade, em Belo Horizonte, celebrada por dom Walmor de Azevedo, arcebispo da capital mineira e presidente da CNBB. \u00c0s 19 horas, no Santu\u00e1rio Nacional de Aparecida, no interior de S\u00e3o Paulo, ser\u00e1 rezado o ter\u00e7o. \u00c0s 21 horas, haver\u00e1 a Ora\u00e7\u00e3o da Noite na Capela Nossa Senhora Aparecida, na sede da CNBB, em Bras\u00edlia. Todas as celebra\u00e7\u00f5es ser\u00e3o mostradas ao vivo em redes sociais.<\/p>\n<p>&nbsp;<\/p>\n<p><strong>Fonte: Terra<\/strong><\/p>\n<p>&nbsp;<\/p>\n","protected":false},"excerpt":{"rendered":"<p>A Arquidiocese de Botucatu, interior de S\u00e3o Paulo, comunicou nesse domingo, 31, as mortes do padre Sebasti\u00e3o dos Santos e da freira Maria Aparecida de Oliveira, ambos pela covid-19. Desde o in\u00edcio da pandemia, 43 sacerdotes e tr\u00eas bispos morreram com a doen\u00e7a no pa\u00eds, segundo a Comiss\u00e3o Nacional de Presb\u00edteros, \u00f3rg\u00e3o vinculado \u00e0 Confer\u00eancia &hellip;<\/p>\n","protected":false},"author":1,"featured_media":12603,"comment_status":"closed","ping_status":"closed","sticky":false,"template":"","format":"standard","meta":{"_jetpack_newsletter_access":"","_jetpack_dont_email_post_to_subs":false,"_jetpack_newsletter_tier_id":0,"_jetpack_memberships_contains_paywalled_content":false,"_jetpack_memberships_contains_paid_content":false,"footnotes":""},"categories":[1],"tags":[],"class_list":["post-12602","post","type-post","status-publish","format-standard","has-post-thumbnail","hentry","category-destaque"],"jetpack_sharing_enabled":true,"jetpack_featured_media_url":"","_links":{"self":[{"href":"https:\/\/www.oparanews.com.br\/index.php\/wp-json\/wp\/v2\/posts\/12602","targetHints":{"allow":["GET"]}}],"collection":[{"href":"https:\/\/www.oparanews.com.br\/index.php\/wp-json\/wp\/v2\/posts"}],"about":[{"href":"https:\/\/www.oparanews.com.br\/index.php\/wp-json\/wp\/v2\/types\/post"}],"author":[{"embeddable":true,"href":"https:\/\/www.oparanews.com.br\/index.php\/wp-json\/wp\/v2\/users\/1"}],"replies":[{"embeddable":true,"href":"https:\/\/www.oparanews.com.br\/index.php\/wp-json\/wp\/v2\/comments?post=12602"}],"version-history":[{"count":0,"href":"https:\/\/www.oparanews.com.br\/index.php\/wp-json\/wp\/v2\/posts\/12602\/revisions"}],"wp:attachment":[{"href":"https:\/\/www.oparanews.com.br\/index.php\/wp-json\/wp\/v2\/media?parent=12602"}],"wp:term":[{"taxonomy":"category","embeddable":true,"href":"https:\/\/www.oparanews.com.br\/index.php\/wp-json\/wp\/v2\/categories?post=12602"},{"taxonomy":"post_tag","embeddable":true,"href":"https:\/\/www.oparanews.com.br\/index.php\/wp-json\/wp\/v2\/tags?post=12602"}],"curies":[{"name":"wp","href":"https:\/\/api.w.org\/{rel}","templated":true}]}}