{"id":12608,"date":"2021-02-02T12:42:33","date_gmt":"2021-02-02T12:42:33","guid":{"rendered":"https:\/\/oparanews.com.br\/?p=12608"},"modified":"2021-02-02T12:42:33","modified_gmt":"2021-02-02T12:42:33","slug":"ex-empresaria-de-karol-conka-desabafa-sobre-cantora-mau-carater","status":"publish","type":"post","link":"https:\/\/www.oparanews.com.br\/index.php\/2021\/02\/02\/ex-empresaria-de-karol-conka-desabafa-sobre-cantora-mau-carater\/","title":{"rendered":"Ex-empres\u00e1ria de Karol Conk\u00e1 desabafa sobre cantora: \u2018Mau-car\u00e1ter\u2019"},"content":{"rendered":"<p>As atitudes de Karol Conk\u00e1 dentro da casa do BBB21 n\u00e3o est\u00e3o repercutindo bem aqui fora. Ap\u00f3s uma s\u00e9rie de famosos sa\u00edrem em defesa de Lucas Penteado, a ex-empres\u00e1ria da cantora fez um desabafo em suas redes sociais expondo a rapper.<\/p>\n<p>Drica Lara, que trabalhou com a artista por pelo menos cinco anos e rompeu o contrato em 2018, afirma que n\u00e3o entende a surpresa de quem \u00e9 pr\u00f3ximo \u00e0 Karol, e diz que talento n\u00e3o se sobrep\u00f5e a car\u00e1ter.<\/p>\n<p>\u201cHoje acordei com um n\u00famero significativo de pessoas entrando em contato! Somente por isso vou escrever sobre! Entendo totalmente o p\u00fablico em choque! N\u00e3o entendo a \u2018surpresa\u2019 de quem era\/\u00e9 pr\u00f3ximo! Como assim n\u00e3o imaginava, n\u00e3o sabia? Sabia, sim!\u201d, come\u00e7a.<\/p>\n<p>\u201cEstou verdadeiramente dispensando texto de al\u00edvio de consci\u00eancia sobre o ser! Se n\u00e3o esteve comigo ou n\u00e3o acreditou l\u00e1 atr\u00e1s, n\u00e3o faz sentido vir retomar agora. E j\u00e1 que resolvi falar, l\u00e1 vai, e a quem n\u00e3o gostar, a porta da rua \u00e9 serventia da casa: o \u2018talento\u2019, o g\u00eanero ou a cor n\u00e3o justifica o mau car\u00e1ter\u201d, desabafa.<\/p>\n<p>Drica ainda diz que Karol inventou hist\u00f3rias para prejudicar sua carreira. \u201cForam anos de persegui\u00e7\u00e3o, nesse tom que voc\u00eas est\u00e3o vendo! Fui aniquilada profissionalmente, difamada e chamada em rede nacional de incompetente e racista! Pensa, na minha \u00e1rea, m\u00fasica, no g\u00eanero rap, a maior representante falando para todos que oportunidade as hist\u00f3rias distorcidas que ela mesma criava\u201d, relembra.<\/p>\n<p>&nbsp;<\/p>\n<p><strong>Fonte: ISTO\u00c9 Gente<\/strong><\/p>\n<p>&nbsp;<\/p>\n","protected":false},"excerpt":{"rendered":"<p>As atitudes de Karol Conk\u00e1 dentro da casa do BBB21 n\u00e3o est\u00e3o repercutindo bem aqui fora. Ap\u00f3s uma s\u00e9rie de famosos sa\u00edrem em defesa de Lucas Penteado, a ex-empres\u00e1ria da cantora fez um desabafo em suas redes sociais expondo a rapper. Drica Lara, que trabalhou com a artista por pelo menos cinco anos e rompeu &hellip;<\/p>\n","protected":false},"author":1,"featured_media":12609,"comment_status":"closed","ping_status":"closed","sticky":false,"template":"","format":"standard","meta":{"_jetpack_newsletter_access":"","_jetpack_dont_email_post_to_subs":false,"_jetpack_newsletter_tier_id":0,"_jetpack_memberships_contains_paywalled_content":false,"_jetpack_memberships_contains_paid_content":false,"footnotes":""},"categories":[1],"tags":[],"class_list":["post-12608","post","type-post","status-publish","format-standard","has-post-thumbnail","hentry","category-destaque"],"jetpack_sharing_enabled":true,"jetpack_featured_media_url":"","_links":{"self":[{"href":"https:\/\/www.oparanews.com.br\/index.php\/wp-json\/wp\/v2\/posts\/12608","targetHints":{"allow":["GET"]}}],"collection":[{"href":"https:\/\/www.oparanews.com.br\/index.php\/wp-json\/wp\/v2\/posts"}],"about":[{"href":"https:\/\/www.oparanews.com.br\/index.php\/wp-json\/wp\/v2\/types\/post"}],"author":[{"embeddable":true,"href":"https:\/\/www.oparanews.com.br\/index.php\/wp-json\/wp\/v2\/users\/1"}],"replies":[{"embeddable":true,"href":"https:\/\/www.oparanews.com.br\/index.php\/wp-json\/wp\/v2\/comments?post=12608"}],"version-history":[{"count":0,"href":"https:\/\/www.oparanews.com.br\/index.php\/wp-json\/wp\/v2\/posts\/12608\/revisions"}],"wp:attachment":[{"href":"https:\/\/www.oparanews.com.br\/index.php\/wp-json\/wp\/v2\/media?parent=12608"}],"wp:term":[{"taxonomy":"category","embeddable":true,"href":"https:\/\/www.oparanews.com.br\/index.php\/wp-json\/wp\/v2\/categories?post=12608"},{"taxonomy":"post_tag","embeddable":true,"href":"https:\/\/www.oparanews.com.br\/index.php\/wp-json\/wp\/v2\/tags?post=12608"}],"curies":[{"name":"wp","href":"https:\/\/api.w.org\/{rel}","templated":true}]}}