{"id":12621,"date":"2021-02-02T13:44:10","date_gmt":"2021-02-02T13:44:10","guid":{"rendered":"https:\/\/oparanews.com.br\/?p=12621"},"modified":"2021-02-02T13:44:10","modified_gmt":"2021-02-02T13:44:10","slug":"eva-wilma-recebe-alta-apos-21-dias-internada","status":"publish","type":"post","link":"https:\/\/www.oparanews.com.br\/index.php\/2021\/02\/02\/eva-wilma-recebe-alta-apos-21-dias-internada\/","title":{"rendered":"Eva Wilma recebe alta ap\u00f3s 21 dias internada"},"content":{"rendered":"<p>Eva Wilma, de 87 anos, recebeu alta m\u00e9dica, neste domingo (31). A atriz estava hospitalizada h\u00e1 21 dias internada com pneumonia no Hospital Vila Nova Star, da Rede D\u2019Or, na Zona Sul de S\u00e3o Paulo.<\/p>\n<p>A assessoria de imprensa da famosa confirmou a alta hospitalar nesta segunda-feira (1\u00ba) ao G1. Durante a interna\u00e7\u00e3o, a veterana atriz foi submetida a um teste de Covid-19, que deu negativo.<\/p>\n<p>Eva Wilma deu entrada no hospital em 10 de janeiro e passou nove dias na Unidade de Terapia Intensiva (UTI) com dificuldade respirat\u00f3ria. A famosa necessitava de suplementa\u00e7\u00e3o de oxig\u00eanio ap\u00f3s apresentar um quadro de pneumonia leve.<\/p>\n<p>Ao deixar a UTI, um boletim m\u00e9dico foi divulgado pela assessoria da institui\u00e7\u00e3o, que garantiu que ela \u201cest\u00e1 consciente, mantendo estabilidade hemodin\u00e2mica e vem apresentando evolu\u00e7\u00e3o cl\u00ednica satisfat\u00f3ria nos \u00faltimos dias\u201d.<\/p>\n<p>\u201cSeguir\u00e1 internada no apartamento para otimiza\u00e7\u00e3o de par\u00e2metros cl\u00ednicos\u201d, ressaltou o comunicado oficial do Hospital Vila Nova Star.<\/p>\n<p>O \u00faltimo trabalho da veterana na TV foi na novela O Tempo N\u00e3o Para, em 2018, quando interpretou a cientista Petra. A sua \u00faltima apari\u00e7\u00e3o na TV, no entanto, foi na edi\u00e7\u00e3o especial de Fina Estampa, de Aguinaldo Silva, exibida em 2020.<\/p>\n<p>A interna\u00e7\u00e3o de Eva Wilma ocorreu quase cinco anos ap\u00f3s a sua \u00faltima crise de sa\u00fade. Em 2016, ela foi internada na UTI do Hospital Albert Einstein com o diagn\u00f3stico de embolia pulmonar. Ela ficou tr\u00eas semanas internada e se recuperou totalmente.<\/p>\n<p>No ano passado, em uma s\u00e9rie de entrevistas para homenagear os 70 anos da televis\u00e3o, Pedro Bial conversou com a veterana. Ela lembrou, por exemplo, que n\u00e3o foi escalada para um filme do cineasta Alfred Hitchcock. Eva destacou que um agente se aproximou dela, enquanto ela almo\u00e7ava, para fazer um convite para um teste.<\/p>\n<p>\u201cFui para Hollywood no dia seguinte\u201d, contou ela. Depois de tr\u00eas meses, a atriz diz que foi escolhida uma alem\u00e3 [Karin Dor] para o papel da cubana. \u201cO meu consolo, tamb\u00e9m, digo para me conformar, \u00e9 que \u2018Top\u00e1zio\u2019 [1969] n\u00e3o foi um dos bons filmes de Hitchcock. Eu assisti e falei: \u2018Esse papel n\u00e3o era para mim\u2019. Mas era para me conformar, porque eu queria ter feito\u201d.<\/p>\n<p>&nbsp;<\/p>\n<p><strong>Fonte: RD1<\/strong><\/p>\n<p>&nbsp;<\/p>\n","protected":false},"excerpt":{"rendered":"<p>Eva Wilma, de 87 anos, recebeu alta m\u00e9dica, neste domingo (31). A atriz estava hospitalizada h\u00e1 21 dias internada com pneumonia no Hospital Vila Nova Star, da Rede D\u2019Or, na Zona Sul de S\u00e3o Paulo. A assessoria de imprensa da famosa confirmou a alta hospitalar nesta segunda-feira (1\u00ba) ao G1. Durante a interna\u00e7\u00e3o, a veterana &hellip;<\/p>\n","protected":false},"author":1,"featured_media":12622,"comment_status":"closed","ping_status":"closed","sticky":false,"template":"","format":"standard","meta":{"_jetpack_newsletter_access":"","_jetpack_dont_email_post_to_subs":false,"_jetpack_newsletter_tier_id":0,"_jetpack_memberships_contains_paywalled_content":false,"_jetpack_memberships_contains_paid_content":false,"footnotes":""},"categories":[1],"tags":[],"class_list":["post-12621","post","type-post","status-publish","format-standard","has-post-thumbnail","hentry","category-destaque"],"jetpack_sharing_enabled":true,"jetpack_featured_media_url":"","_links":{"self":[{"href":"https:\/\/www.oparanews.com.br\/index.php\/wp-json\/wp\/v2\/posts\/12621","targetHints":{"allow":["GET"]}}],"collection":[{"href":"https:\/\/www.oparanews.com.br\/index.php\/wp-json\/wp\/v2\/posts"}],"about":[{"href":"https:\/\/www.oparanews.com.br\/index.php\/wp-json\/wp\/v2\/types\/post"}],"author":[{"embeddable":true,"href":"https:\/\/www.oparanews.com.br\/index.php\/wp-json\/wp\/v2\/users\/1"}],"replies":[{"embeddable":true,"href":"https:\/\/www.oparanews.com.br\/index.php\/wp-json\/wp\/v2\/comments?post=12621"}],"version-history":[{"count":0,"href":"https:\/\/www.oparanews.com.br\/index.php\/wp-json\/wp\/v2\/posts\/12621\/revisions"}],"wp:attachment":[{"href":"https:\/\/www.oparanews.com.br\/index.php\/wp-json\/wp\/v2\/media?parent=12621"}],"wp:term":[{"taxonomy":"category","embeddable":true,"href":"https:\/\/www.oparanews.com.br\/index.php\/wp-json\/wp\/v2\/categories?post=12621"},{"taxonomy":"post_tag","embeddable":true,"href":"https:\/\/www.oparanews.com.br\/index.php\/wp-json\/wp\/v2\/tags?post=12621"}],"curies":[{"name":"wp","href":"https:\/\/api.w.org\/{rel}","templated":true}]}}