{"id":12624,"date":"2021-02-02T13:47:21","date_gmt":"2021-02-02T13:47:21","guid":{"rendered":"https:\/\/oparanews.com.br\/?p=12624"},"modified":"2021-02-02T13:47:21","modified_gmt":"2021-02-02T13:47:21","slug":"colegio-nossa-senhora-de-fatima-inicia-ano-letivo-de-2021","status":"publish","type":"post","link":"https:\/\/www.oparanews.com.br\/index.php\/2021\/02\/02\/colegio-nossa-senhora-de-fatima-inicia-ano-letivo-de-2021\/","title":{"rendered":"Col\u00e9gio Nossa Senhora de F\u00e1tima inicia ano letivo de 2021"},"content":{"rendered":"<p>Com todos os cuidados sanit\u00e1rios exigidos pelos \u00f3rg\u00e3os competentes da Sa\u00fade no que se refere o combate ao novo Coronav\u00edrus, o Col\u00e9gio Nossa Senhora de F\u00e1tima iniciou nesta segunda-feira, 1\u00ba de Fevereiro, o ano letivo de 2021. As aulas deste ano acontecer\u00e3o no Ensino H\u00edbrido (remoto e presencial).<\/p>\n<p>Ao chegarem no Col\u00e9gio, os alunos tiveram suas bolsas higienizadas, aferi\u00e7\u00e3o de temperatura e fizeram o uso de \u00e1lcool em gel. Na sala de aula, o distanciamento entre as carteiras foi seguido, para assim d\u00e1 maior seguran\u00e7a aos alunos.<\/p>\n<p>Algumas turmas tiveram que ser dividas em n\u00fameros pares e \u00edmpares. Neste in\u00edcio de aulas, os alunos que ficaram em casa puderam acompanhar em tempo real os conte\u00fados ministrados pelo professor em sala de aula. Na pr\u00f3xima semana acontecer\u00e1 o inverso e esses alunos ter\u00e3o aula presencial.<\/p>\n<p>O Col\u00e9gio est\u00e1 tomando todas as medidas necess\u00e1rias, para oferecer o melhor aos nossos alunos.<\/p>\n<p>&nbsp;<\/p>\n<p><strong>Fonte: Consf<\/strong><\/p>\n<p>&nbsp;<\/p>\n","protected":false},"excerpt":{"rendered":"<p>Com todos os cuidados sanit\u00e1rios exigidos pelos \u00f3rg\u00e3os competentes da Sa\u00fade no que se refere o combate ao novo Coronav\u00edrus, o Col\u00e9gio Nossa Senhora de F\u00e1tima iniciou nesta segunda-feira, 1\u00ba de Fevereiro, o ano letivo de 2021. As aulas deste ano acontecer\u00e3o no Ensino H\u00edbrido (remoto e presencial). Ao chegarem no Col\u00e9gio, os alunos tiveram &hellip;<\/p>\n","protected":false},"author":1,"featured_media":12625,"comment_status":"closed","ping_status":"closed","sticky":false,"template":"","format":"standard","meta":{"_jetpack_newsletter_access":"","_jetpack_dont_email_post_to_subs":false,"_jetpack_newsletter_tier_id":0,"_jetpack_memberships_contains_paywalled_content":false,"_jetpack_memberships_contains_paid_content":false,"footnotes":""},"categories":[1],"tags":[],"class_list":["post-12624","post","type-post","status-publish","format-standard","has-post-thumbnail","hentry","category-destaque"],"jetpack_sharing_enabled":true,"jetpack_featured_media_url":"","_links":{"self":[{"href":"https:\/\/www.oparanews.com.br\/index.php\/wp-json\/wp\/v2\/posts\/12624","targetHints":{"allow":["GET"]}}],"collection":[{"href":"https:\/\/www.oparanews.com.br\/index.php\/wp-json\/wp\/v2\/posts"}],"about":[{"href":"https:\/\/www.oparanews.com.br\/index.php\/wp-json\/wp\/v2\/types\/post"}],"author":[{"embeddable":true,"href":"https:\/\/www.oparanews.com.br\/index.php\/wp-json\/wp\/v2\/users\/1"}],"replies":[{"embeddable":true,"href":"https:\/\/www.oparanews.com.br\/index.php\/wp-json\/wp\/v2\/comments?post=12624"}],"version-history":[{"count":0,"href":"https:\/\/www.oparanews.com.br\/index.php\/wp-json\/wp\/v2\/posts\/12624\/revisions"}],"wp:attachment":[{"href":"https:\/\/www.oparanews.com.br\/index.php\/wp-json\/wp\/v2\/media?parent=12624"}],"wp:term":[{"taxonomy":"category","embeddable":true,"href":"https:\/\/www.oparanews.com.br\/index.php\/wp-json\/wp\/v2\/categories?post=12624"},{"taxonomy":"post_tag","embeddable":true,"href":"https:\/\/www.oparanews.com.br\/index.php\/wp-json\/wp\/v2\/tags?post=12624"}],"curies":[{"name":"wp","href":"https:\/\/api.w.org\/{rel}","templated":true}]}}