{"id":12627,"date":"2021-02-02T20:32:24","date_gmt":"2021-02-02T20:32:24","guid":{"rendered":"https:\/\/oparanews.com.br\/?p=12627"},"modified":"2021-02-02T20:32:24","modified_gmt":"2021-02-02T20:32:24","slug":"alagoas-registra-521-casos-e-9-mortes-por-covid-19-em-24h","status":"publish","type":"post","link":"https:\/\/www.oparanews.com.br\/index.php\/2021\/02\/02\/alagoas-registra-521-casos-e-9-mortes-por-covid-19-em-24h\/","title":{"rendered":"Alagoas registra 521 casos e 9 mortes por Covid-19 em 24h"},"content":{"rendered":"<p>Nas \u00faltimas 24 horas, Alagoas registrou 521 casos e nove mortes por Covid-19, segundo o boletim epidemiol\u00f3gico divulgado pela Secretaria de Estado de Sa\u00fade (Sesau) nesta ter\u00e7a-feira (2).<\/p>\n<p>Macei\u00f3 concentrou o maior n\u00famero de casos e mortes registrados nas \u00faltimas 24 horas, foram 379 casos confirmados e quatro \u00f3bitos. A capital contabilizou 44.331 casos e 1.240 mortes causadas pela doen\u00e7a. Pesquisadores da Universidade Federal de Alagoas (Ufal) divulgaram no boletim mais recente que, na semana passada, a capital registrou a segunda maior incid\u00eancia de casos desde o come\u00e7o da pandemia.<\/p>\n<p>Desde o come\u00e7o da pandemia, o estado confirmou 118.741 casos. Desse total, 113.658 pacientes se recuperaram e 2.763 morreram.<\/p>\n<p>H\u00e1 tamb\u00e9m 6.926 casos suspeitos, \u00e0 espera de resultado de teste para Covid-19.<\/p>\n<p>At\u00e9 a tarde desta ter\u00e7a, 624 pessoas estavam internadas em hospitais p\u00fablicos de Alagoas com confirma\u00e7\u00e3o ou suspeita de infec\u00e7\u00e3o pelo novo coronav\u00edrus. A taxa de ocupa\u00e7\u00e3o de leitos estava em 43%. Considerando apenas os leitos de UTI, 50% estavam ocupados.<\/p>\n<p><strong>Mais nove mortes por Covid-19<\/strong><\/p>\n<p>Macei\u00f3: Mulher, 63 anos \u2013 hipertensa<br \/>\nMacei\u00f3: Mulher, 73 anos \u2013 hipertens\u00e3o, Alzheimer e sequelas de um Acidente Vascular Encef\u00e1lico (AVE)<br \/>\nMacei\u00f3: Homem, 64 anos \u2013 obesidade, hipertens\u00e3o e diabetes<br \/>\nMacei\u00f3: Homem, 70 anos \u2013 diab\u00e9tico<br \/>\nPalmeira dos \u00cdndios: Homem, 31 anos \u2013 sem comorbidades<br \/>\nP\u00e3o de A\u00e7\u00facar: Homem, 61 anos \u2013 c\u00e2ncer de laringe<br \/>\nCoruripe: Homem, 67 anos \u2013 obeso e hipertenso<br \/>\nDelmiro Gouveia: Mulher, 82 anos \u2013 hipertensa<br \/>\nJunqueiro: Mulher, 85 anos \u2013 se recuperando de uma cirurgia ortop\u00e9dica<\/p>\n<p>&nbsp;<\/p>\n<p><strong>Fonte: G1\/AL<\/strong><\/p>\n<p>&nbsp;<\/p>\n","protected":false},"excerpt":{"rendered":"<p>Nas \u00faltimas 24 horas, Alagoas registrou 521 casos e nove mortes por Covid-19, segundo o boletim epidemiol\u00f3gico divulgado pela Secretaria de Estado de Sa\u00fade (Sesau) nesta ter\u00e7a-feira (2). Macei\u00f3 concentrou o maior n\u00famero de casos e mortes registrados nas \u00faltimas 24 horas, foram 379 casos confirmados e quatro \u00f3bitos. A capital contabilizou 44.331 casos e &hellip;<\/p>\n","protected":false},"author":1,"featured_media":7389,"comment_status":"closed","ping_status":"closed","sticky":false,"template":"","format":"standard","meta":{"_jetpack_newsletter_access":"","_jetpack_dont_email_post_to_subs":false,"_jetpack_newsletter_tier_id":0,"_jetpack_memberships_contains_paywalled_content":false,"_jetpack_memberships_contains_paid_content":false,"footnotes":""},"categories":[1],"tags":[],"class_list":["post-12627","post","type-post","status-publish","format-standard","has-post-thumbnail","hentry","category-destaque"],"jetpack_sharing_enabled":true,"jetpack_featured_media_url":"","_links":{"self":[{"href":"https:\/\/www.oparanews.com.br\/index.php\/wp-json\/wp\/v2\/posts\/12627","targetHints":{"allow":["GET"]}}],"collection":[{"href":"https:\/\/www.oparanews.com.br\/index.php\/wp-json\/wp\/v2\/posts"}],"about":[{"href":"https:\/\/www.oparanews.com.br\/index.php\/wp-json\/wp\/v2\/types\/post"}],"author":[{"embeddable":true,"href":"https:\/\/www.oparanews.com.br\/index.php\/wp-json\/wp\/v2\/users\/1"}],"replies":[{"embeddable":true,"href":"https:\/\/www.oparanews.com.br\/index.php\/wp-json\/wp\/v2\/comments?post=12627"}],"version-history":[{"count":0,"href":"https:\/\/www.oparanews.com.br\/index.php\/wp-json\/wp\/v2\/posts\/12627\/revisions"}],"wp:attachment":[{"href":"https:\/\/www.oparanews.com.br\/index.php\/wp-json\/wp\/v2\/media?parent=12627"}],"wp:term":[{"taxonomy":"category","embeddable":true,"href":"https:\/\/www.oparanews.com.br\/index.php\/wp-json\/wp\/v2\/categories?post=12627"},{"taxonomy":"post_tag","embeddable":true,"href":"https:\/\/www.oparanews.com.br\/index.php\/wp-json\/wp\/v2\/tags?post=12627"}],"curies":[{"name":"wp","href":"https:\/\/api.w.org\/{rel}","templated":true}]}}