{"id":12629,"date":"2021-02-02T20:38:01","date_gmt":"2021-02-02T20:38:01","guid":{"rendered":"https:\/\/oparanews.com.br\/?p=12629"},"modified":"2021-02-02T20:38:01","modified_gmt":"2021-02-02T20:38:01","slug":"camara-municipal-de-penedo-inicia-ano-legislativo-2021","status":"publish","type":"post","link":"https:\/\/www.oparanews.com.br\/index.php\/2021\/02\/02\/camara-municipal-de-penedo-inicia-ano-legislativo-2021\/","title":{"rendered":"C\u00e2mara Municipal de Penedo inicia ano legislativo 2021"},"content":{"rendered":"<p>A C\u00e2mara Municipal de Penedo (CMP) inicia a rotina de trabalhos referente ano legislativo 2021 na pr\u00f3xima quinta-feira, 04 de fevereiro, data da primeira sess\u00e3o ordin\u00e1ria.<\/p>\n<p>A abertura dos trabalhos no plen\u00e1rio do parlamento municipal come\u00e7a \u00e0s 14h30, com transmiss\u00e3o ao vivo na p\u00e1gina https:\/\/www.facebook.com\/camarapenedo<\/p>\n<p>O servi\u00e7o que possibilita o acompanhamento, em tempo real, da atua\u00e7\u00e3o de cada vereador durante as reuni\u00f5es de trabalho foi iniciado h\u00e1 quase dez anos pela C\u00e2mara Municipal de Penedo, uma das pioneiras de Alagoas no uso de redes sociais como ferramenta de divulga\u00e7\u00e3o institucional.<\/p>\n<p>Todas as sess\u00f5es ordin\u00e1rias e extraordin\u00e1rias da C\u00e2mara Municipal de Penedo s\u00e3o transmitidas, na \u00edntegra, atrav\u00e9s do Facebook oficial da CMP.<\/p>\n<p>Al\u00e9m dos quinze representantes do povo penedense eleitos para o mandato 2021\/2024, a primeira sess\u00e3o ordin\u00e1ria da C\u00e2mara Municipal de Penedo ter\u00e1 a presen\u00e7a do Prefeito Ronaldo Lopes.<\/p>\n<p>O Chefe do Poder Executivo Municipal recebeu convite da Mesa Diretora da CMP, presidida pelo vereador J\u00fanior do T\u00f3 (Ant\u00f4nio de Figueiredo Barbosa J\u00fanior), e confirmou sua participa\u00e7\u00e3o no evento.<\/p>\n<p>&nbsp;<\/p>\n<p><strong>Fonte: Assessoria<\/strong><\/p>\n<p>&nbsp;<\/p>\n","protected":false},"excerpt":{"rendered":"<p>A C\u00e2mara Municipal de Penedo (CMP) inicia a rotina de trabalhos referente ano legislativo 2021 na pr\u00f3xima quinta-feira, 04 de fevereiro, data da primeira sess\u00e3o ordin\u00e1ria. A abertura dos trabalhos no plen\u00e1rio do parlamento municipal come\u00e7a \u00e0s 14h30, com transmiss\u00e3o ao vivo na p\u00e1gina https:\/\/www.facebook.com\/camarapenedo O servi\u00e7o que possibilita o acompanhamento, em tempo real, da &hellip;<\/p>\n","protected":false},"author":1,"featured_media":12630,"comment_status":"closed","ping_status":"closed","sticky":false,"template":"","format":"standard","meta":{"_jetpack_newsletter_access":"","_jetpack_dont_email_post_to_subs":false,"_jetpack_newsletter_tier_id":0,"_jetpack_memberships_contains_paywalled_content":false,"_jetpack_memberships_contains_paid_content":false,"footnotes":""},"categories":[1],"tags":[],"class_list":["post-12629","post","type-post","status-publish","format-standard","has-post-thumbnail","hentry","category-destaque"],"jetpack_sharing_enabled":true,"jetpack_featured_media_url":"","_links":{"self":[{"href":"https:\/\/www.oparanews.com.br\/index.php\/wp-json\/wp\/v2\/posts\/12629","targetHints":{"allow":["GET"]}}],"collection":[{"href":"https:\/\/www.oparanews.com.br\/index.php\/wp-json\/wp\/v2\/posts"}],"about":[{"href":"https:\/\/www.oparanews.com.br\/index.php\/wp-json\/wp\/v2\/types\/post"}],"author":[{"embeddable":true,"href":"https:\/\/www.oparanews.com.br\/index.php\/wp-json\/wp\/v2\/users\/1"}],"replies":[{"embeddable":true,"href":"https:\/\/www.oparanews.com.br\/index.php\/wp-json\/wp\/v2\/comments?post=12629"}],"version-history":[{"count":0,"href":"https:\/\/www.oparanews.com.br\/index.php\/wp-json\/wp\/v2\/posts\/12629\/revisions"}],"wp:attachment":[{"href":"https:\/\/www.oparanews.com.br\/index.php\/wp-json\/wp\/v2\/media?parent=12629"}],"wp:term":[{"taxonomy":"category","embeddable":true,"href":"https:\/\/www.oparanews.com.br\/index.php\/wp-json\/wp\/v2\/categories?post=12629"},{"taxonomy":"post_tag","embeddable":true,"href":"https:\/\/www.oparanews.com.br\/index.php\/wp-json\/wp\/v2\/tags?post=12629"}],"curies":[{"name":"wp","href":"https:\/\/api.w.org\/{rel}","templated":true}]}}