{"id":12632,"date":"2021-02-02T20:40:10","date_gmt":"2021-02-02T20:40:10","guid":{"rendered":"https:\/\/oparanews.com.br\/?p=12632"},"modified":"2021-02-02T20:40:10","modified_gmt":"2021-02-02T20:40:10","slug":"lancamento-do-programa-cria-em-penedo-acontece-no-proximo-dia-08","status":"publish","type":"post","link":"https:\/\/www.oparanews.com.br\/index.php\/2021\/02\/02\/lancamento-do-programa-cria-em-penedo-acontece-no-proximo-dia-08\/","title":{"rendered":"Lan\u00e7amento do programa CRIA em Penedo acontece no pr\u00f3ximo dia 08"},"content":{"rendered":"<p>O Programa Crian\u00e7a Alagoana (CRIA) ser\u00e1 lan\u00e7ado em Penedo na pr\u00f3xima segunda-feira, 08 de fevereiro, durante solenidade de abrang\u00eancia regional agendada para come\u00e7ar \u00e0s 9 horas.<\/p>\n<p>Por conta da pandemia da Covid-19, o gin\u00e1sio poliesportivo da Escola Estadual Comendador Jos\u00e9 da Silva Peixoto ser\u00e1 o local da solenidade. O espa\u00e7o p\u00fablico amplo e aberto est\u00e1 situado entre o gin\u00e1sio Padre Manoel Vieira, recuperado pelo governador Renan Filho, e o gin\u00e1sio da Escola Estadual Ernani M\u00e9ro.<\/p>\n<p>O programa de distribui\u00e7\u00e3o de renda atender\u00e1, de imediato, 61 mulheres residentes em Penedo, gestantes ou m\u00e3e de crian\u00e7a com at\u00e9 seis anos de idade, todas em situa\u00e7\u00e3o de vulnerabilidade social que ir\u00e3o receber cem reais por m\u00eas.<\/p>\n<p>Governo de Alagoas promove capacita\u00e7\u00e3o sobre o programa CRIA em Penedo<\/p>\n<p>O recurso do Crian\u00e7a Alagoana deve ser empregado na compra de alimentos para fam\u00edlias classificadas como pobres ou vivendo na extrema pobreza, com filhos no per\u00edodo da primeira inf\u00e2ncia.<\/p>\n<p>Todas as gestantes que vivem em pobreza ou extrema pobreza podem solicitar o recurso, mas precisam estar inscritas no Cadastro \u00danico (Cad\u00danico).<\/p>\n<p>Al\u00e9m de atender este crit\u00e9rio indispens\u00e1vel para ter acesso ao CRIA, a beneficiada deve se dirigir ao CRAS (Centro de Refer\u00eancia de Assist\u00eancia Social) mais pr\u00f3ximo, levando RG, CPF, N\u00famero de Identifica\u00e7\u00e3o Social (NIS), comprovante de resid\u00eancia, caderneta da gestante ou encaminhamento do posto de sa\u00fade comprovando o in\u00edcio do acompanhamento pr\u00e9-natal.<\/p>\n<p>As gestantes podem entrar com o pedido do benef\u00edcio em qualquer fase da gesta\u00e7\u00e3o e permanecer\u00e1 recebendo o valor de R$ 100,00 at\u00e9 a crian\u00e7a, nascida desta gesta\u00e7\u00e3o, completar 6 anos.<\/p>\n<p><strong>Idade limite<\/strong><\/p>\n<p>No caso do cadastro de crian\u00e7as, \u00e9 necess\u00e1rio que o respons\u00e1vel tamb\u00e9m esteja inscrito no Cad\u00danico e leve seus documentos pessoais e a certid\u00e3o de nascimento ou RG da crian\u00e7a.<\/p>\n<p>\u00c9 importante ressaltar que o cadastrado de crian\u00e7as tem idade limite de at\u00e9 5 anos, mas elas recebem o benef\u00edcio at\u00e9 completar 6 anos. O decreto do Cart\u00e3o CRIA contempla ainda todas as crian\u00e7as nascidas com a s\u00edndrome cong\u00eanita do Zika v\u00edrus, que receber\u00e3o at\u00e9 completar 7 anos.<\/p>\n<p>Cada fam\u00edlia s\u00f3 pode receber um benef\u00edcio, mas existem duas exce\u00e7\u00f5es: fam\u00edlias que possuam crian\u00e7a com s\u00edndrome do Zika v\u00edrus e a m\u00e3e esteja gestante, e quando existem duas gestantes na mesma casa, no caso, m\u00e3e e filha.<\/p>\n<p><strong>Exig\u00eancias<\/strong><\/p>\n<p>Para manter o recebimento dos R$ 100, as benefici\u00e1rias precisam cumprir algumas exig\u00eancias, tais como: fazer os exames e as consultas de pr\u00e9-natal e puericultura (crian\u00e7as); estar em dia com as vacinas; realizar avalia\u00e7\u00e3o nutricional e fazer acompanhamento familiar com a equipe do CRAS. No caso das crian\u00e7as, \u00e9 preciso que o cart\u00e3o de vacina esteja atualizado.<\/p>\n<p>Para refor\u00e7ar esse desenvolvimento saud\u00e1vel, a orienta\u00e7\u00e3o primordial \u00e9 que as m\u00e3es utilizem o recurso para comprar alimentos saud\u00e1veis para garantir uma melhor nutri\u00e7\u00e3o. Antes do Cart\u00e3o CRIA, as gestantes recebiam uma cesta nutricional, mas com a flexibilidade da transfer\u00eancia direta, elas poder\u00e3o adquirir alimentos frescos e produtos de higiene para beb\u00eas e crian\u00e7as, ajudando ainda a movimentar a economia dos munic\u00edpios.<\/p>\n<p>&nbsp;<\/p>\n<p><strong>Fonte: Decom PMP com Ag\u00eancia Alagoas<\/strong><\/p>\n<p>&nbsp;<\/p>\n","protected":false},"excerpt":{"rendered":"<p>O Programa Crian\u00e7a Alagoana (CRIA) ser\u00e1 lan\u00e7ado em Penedo na pr\u00f3xima segunda-feira, 08 de fevereiro, durante solenidade de abrang\u00eancia regional agendada para come\u00e7ar \u00e0s 9 horas. Por conta da pandemia da Covid-19, o gin\u00e1sio poliesportivo da Escola Estadual Comendador Jos\u00e9 da Silva Peixoto ser\u00e1 o local da solenidade. O espa\u00e7o p\u00fablico amplo e aberto est\u00e1 &hellip;<\/p>\n","protected":false},"author":1,"featured_media":12633,"comment_status":"closed","ping_status":"closed","sticky":false,"template":"","format":"standard","meta":{"_jetpack_newsletter_access":"","_jetpack_dont_email_post_to_subs":false,"_jetpack_newsletter_tier_id":0,"_jetpack_memberships_contains_paywalled_content":false,"_jetpack_memberships_contains_paid_content":false,"footnotes":""},"categories":[1],"tags":[],"class_list":["post-12632","post","type-post","status-publish","format-standard","has-post-thumbnail","hentry","category-destaque"],"jetpack_sharing_enabled":true,"jetpack_featured_media_url":"","_links":{"self":[{"href":"https:\/\/www.oparanews.com.br\/index.php\/wp-json\/wp\/v2\/posts\/12632","targetHints":{"allow":["GET"]}}],"collection":[{"href":"https:\/\/www.oparanews.com.br\/index.php\/wp-json\/wp\/v2\/posts"}],"about":[{"href":"https:\/\/www.oparanews.com.br\/index.php\/wp-json\/wp\/v2\/types\/post"}],"author":[{"embeddable":true,"href":"https:\/\/www.oparanews.com.br\/index.php\/wp-json\/wp\/v2\/users\/1"}],"replies":[{"embeddable":true,"href":"https:\/\/www.oparanews.com.br\/index.php\/wp-json\/wp\/v2\/comments?post=12632"}],"version-history":[{"count":0,"href":"https:\/\/www.oparanews.com.br\/index.php\/wp-json\/wp\/v2\/posts\/12632\/revisions"}],"wp:attachment":[{"href":"https:\/\/www.oparanews.com.br\/index.php\/wp-json\/wp\/v2\/media?parent=12632"}],"wp:term":[{"taxonomy":"category","embeddable":true,"href":"https:\/\/www.oparanews.com.br\/index.php\/wp-json\/wp\/v2\/categories?post=12632"},{"taxonomy":"post_tag","embeddable":true,"href":"https:\/\/www.oparanews.com.br\/index.php\/wp-json\/wp\/v2\/tags?post=12632"}],"curies":[{"name":"wp","href":"https:\/\/api.w.org\/{rel}","templated":true}]}}