{"id":12640,"date":"2021-02-03T10:36:34","date_gmt":"2021-02-03T10:36:34","guid":{"rendered":"https:\/\/oparanews.com.br\/?p=12640"},"modified":"2021-02-03T10:36:34","modified_gmt":"2021-02-03T10:36:34","slug":"kerline-e-primeira-eliminada-do-bbb21-com-8350-dos-votos","status":"publish","type":"post","link":"https:\/\/www.oparanews.com.br\/index.php\/2021\/02\/03\/kerline-e-primeira-eliminada-do-bbb21-com-8350-dos-votos\/","title":{"rendered":"Kerline \u00e9 primeira eliminada do BBB21, com 83,50% dos votos"},"content":{"rendered":"<p>A noite da primeira Elimina\u00e7\u00e3o do BBB21, nesta ter\u00e7a-feira, 2\/2, deixa os brothers com grande expectativa para saber quem sai da casa mais vigiada. No primeiro Pared\u00e3o desta edi\u00e7\u00e3o do Big Brother Brasil est\u00e3o: Kerline, Sarah e Rodolffo.<\/p>\n<p>Antes de anunciar o resultado, Tiago Leifert conversa com os emparedados. &#8220;Eu sei que esse momento \u00e9 o mais dif\u00edcil do BBB&#8221;, come\u00e7a o apresentador, e comenta: &#8220;O eliminado agora n\u00e3o vai sentir a emo\u00e7\u00e3o que \u00e9 voltar do Pared\u00e3o&#8221;. Logo depois, Tiago d\u00e1 a not\u00edcia:<\/p>\n<p>&#8220;Nossa primeira elimina\u00e7\u00e3o \u00e9 voc\u00ea, Kerline&#8221;, anuncia.<\/p>\n<p>A cearense sai da casa com 83,50% de votos. Rodolfo recebeu 7,88% dos votos e Sarah, 8,62% dos votos.<\/p>\n<p>Kerline se emociona na despedida com os brothers e recebe o carinho deles. Todos aplaudem a sister. &#8220;Linda&#8221;, grita Karol Conk\u00e1. &#8220;Aproveitem muito e n\u00e3o chorem&#8221;, diz Kerline, na despedida.<\/p>\n<p>Rodolffo e Sarah, que se salvaram, choram e se abra\u00e7am. Sarah canta: &#8220;Eu n\u00e3o vou embora&#8221;. Mais cedo, a sister disse que s\u00f3 vai sair em maio. Caio tamb\u00e9m n\u00e3o esconde a alegria em ver seu melhor amigo na casa continuar no jogo. Os dois comemoram, e Rodolffo agradece: &#8220;Obrigado, Deus!&#8221;.<\/p>\n<p><strong>Papo r\u00e1pido com Tiago<\/strong><\/p>\n<p>Ap\u00f3s deixar a casa, o apresentador recebe a primeira eliminada no est\u00fadio e anuncia: &#8220;Com voc\u00eas, Kerline&#8221;. Ele pergunta como foi a sa\u00edda da sister na casa, e ela afirma: &#8220;Uma loucura&#8221;.<\/p>\n<p>Kerline tamb\u00e9m explica o que pode t\u00ea-la atrapalhado no jogo: &#8220;Me desestabilizei completamente. \u00c9 um jogo duro, \u00e9 dif\u00edcil. Achei que estava bem trabalhada emocionalmente, espiritualmente e fui pega de surpresa. Fiquei bem inst\u00e1vel. Consegui recuperar minha estabilidade nesses \u00faltimos tr\u00eas dias&#8221;.<\/p>\n<p>&nbsp;<\/p>\n<p><strong>Fonte: Gshow<\/strong><\/p>\n<p>&nbsp;<\/p>\n","protected":false},"excerpt":{"rendered":"<p>A noite da primeira Elimina\u00e7\u00e3o do BBB21, nesta ter\u00e7a-feira, 2\/2, deixa os brothers com grande expectativa para saber quem sai da casa mais vigiada. No primeiro Pared\u00e3o desta edi\u00e7\u00e3o do Big Brother Brasil est\u00e3o: Kerline, Sarah e Rodolffo. Antes de anunciar o resultado, Tiago Leifert conversa com os emparedados. &#8220;Eu sei que esse momento \u00e9 &hellip;<\/p>\n","protected":false},"author":1,"featured_media":12641,"comment_status":"closed","ping_status":"closed","sticky":false,"template":"","format":"standard","meta":{"_jetpack_newsletter_access":"","_jetpack_dont_email_post_to_subs":false,"_jetpack_newsletter_tier_id":0,"_jetpack_memberships_contains_paywalled_content":false,"_jetpack_memberships_contains_paid_content":false,"footnotes":""},"categories":[1],"tags":[],"class_list":["post-12640","post","type-post","status-publish","format-standard","has-post-thumbnail","hentry","category-destaque"],"jetpack_sharing_enabled":true,"jetpack_featured_media_url":"","_links":{"self":[{"href":"https:\/\/www.oparanews.com.br\/index.php\/wp-json\/wp\/v2\/posts\/12640","targetHints":{"allow":["GET"]}}],"collection":[{"href":"https:\/\/www.oparanews.com.br\/index.php\/wp-json\/wp\/v2\/posts"}],"about":[{"href":"https:\/\/www.oparanews.com.br\/index.php\/wp-json\/wp\/v2\/types\/post"}],"author":[{"embeddable":true,"href":"https:\/\/www.oparanews.com.br\/index.php\/wp-json\/wp\/v2\/users\/1"}],"replies":[{"embeddable":true,"href":"https:\/\/www.oparanews.com.br\/index.php\/wp-json\/wp\/v2\/comments?post=12640"}],"version-history":[{"count":0,"href":"https:\/\/www.oparanews.com.br\/index.php\/wp-json\/wp\/v2\/posts\/12640\/revisions"}],"wp:attachment":[{"href":"https:\/\/www.oparanews.com.br\/index.php\/wp-json\/wp\/v2\/media?parent=12640"}],"wp:term":[{"taxonomy":"category","embeddable":true,"href":"https:\/\/www.oparanews.com.br\/index.php\/wp-json\/wp\/v2\/categories?post=12640"},{"taxonomy":"post_tag","embeddable":true,"href":"https:\/\/www.oparanews.com.br\/index.php\/wp-json\/wp\/v2\/tags?post=12640"}],"curies":[{"name":"wp","href":"https:\/\/api.w.org\/{rel}","templated":true}]}}