{"id":12643,"date":"2021-02-03T20:14:14","date_gmt":"2021-02-03T20:14:14","guid":{"rendered":"https:\/\/oparanews.com.br\/?p=12643"},"modified":"2021-02-03T20:14:14","modified_gmt":"2021-02-03T20:14:14","slug":"estado-confirma-347-casos-e-8-mortes-por-covid-19-em-24h","status":"publish","type":"post","link":"https:\/\/www.oparanews.com.br\/index.php\/2021\/02\/03\/estado-confirma-347-casos-e-8-mortes-por-covid-19-em-24h\/","title":{"rendered":"Estado confirma 347 casos e 8 mortes por Covid-19 em 24h"},"content":{"rendered":"<p>Alagoas confirmou mais 347 novos casos e oito mortes por Covid-19, segundo o boletim epidemiol\u00f3gico divulgado nesta quarta-feira (3) pela Secretaria de Estado de Sa\u00fade (Sesau). Desde o come\u00e7o da pandemia, o estado contabilizou 119.088 casos confirmados e 2.771 \u00f3bitos causados pela doen\u00e7a.<\/p>\n<p>H\u00e1 6.888 casos em investiga\u00e7\u00e3o, \u00e0 espera de resultado do exame.<\/p>\n<p>Macei\u00f3 registrou 127 casos e cinco mortes por Covid-19 nas \u00faltimas 24 horas, chegando ao total de 44.458 casos e 1.245 \u00f3bitos. A capital alagoana registrou a segunda maior incid\u00eancia de casos desde o come\u00e7o da pandemia, segundo o boletim mais recente de pesquisadores da Universidade Federal de Alagoas (Ufal).<\/p>\n<p>Do total de casos confirmados em Alagoas, 113.809 pessoas finalizaram o tratamento e se recuperaram.<\/p>\n<p>At\u00e9 a tarde dessa ter\u00e7a (2), 323 leitos exclusivos para pacientes com suspeita e confirma\u00e7\u00e3o de infec\u00e7\u00e3o do novo coronav\u00edrus estavam ocupados. A taxa de ocupa\u00e7\u00e3o estava em 44%. Dos leitos de UTI, 54% estavam ocupados.<\/p>\n<p><strong>Mais oito mortes por Covid-19<\/strong><\/p>\n<p>Macei\u00f3: Mulher, 73 anos \u2013 hipertensa<br \/>\nMacei\u00f3: Mulher, 83 anos \u2013 hipertensa e doen\u00e7a cardiovascular<br \/>\nMacei\u00f3: Mulher, 95 anos \u2013 depress\u00e3o e Doen\u00e7a Pulmonar Obstrutiva Cr\u00f4nica (DPOC)<br \/>\nMacei\u00f3: Homem, 61 anos \u2013 doen\u00e7a cardiovascular<br \/>\nMacei\u00f3: Homem, 68 anos \u2013 hipertenso<br \/>\nDelmiro Gouveia: Homem, 74 anos \u2013 Doen\u00e7a Pulmonar Obstrutiva Cr\u00f4nica (DPOC)<br \/>\nArapiraca: Homem, 78 anos \u2013 hipertenso e diab\u00e9tico<br \/>\nCampo Alegre: Mulher, 59 anos \u2013 hipertenso e Doen\u00e7a Pulmonar Obstrutiva Cr\u00f4nica (DPOC)<\/p>\n<p>&nbsp;<\/p>\n<p><strong>Fonte: G1\/AL<\/strong><\/p>\n<p>&nbsp;<\/p>\n","protected":false},"excerpt":{"rendered":"<p>Alagoas confirmou mais 347 novos casos e oito mortes por Covid-19, segundo o boletim epidemiol\u00f3gico divulgado nesta quarta-feira (3) pela Secretaria de Estado de Sa\u00fade (Sesau). Desde o come\u00e7o da pandemia, o estado contabilizou 119.088 casos confirmados e 2.771 \u00f3bitos causados pela doen\u00e7a. H\u00e1 6.888 casos em investiga\u00e7\u00e3o, \u00e0 espera de resultado do exame. Macei\u00f3 &hellip;<\/p>\n","protected":false},"author":1,"featured_media":6894,"comment_status":"closed","ping_status":"closed","sticky":false,"template":"","format":"standard","meta":{"_jetpack_newsletter_access":"","_jetpack_dont_email_post_to_subs":false,"_jetpack_newsletter_tier_id":0,"_jetpack_memberships_contains_paywalled_content":false,"_jetpack_memberships_contains_paid_content":false,"footnotes":""},"categories":[1],"tags":[],"class_list":["post-12643","post","type-post","status-publish","format-standard","has-post-thumbnail","hentry","category-destaque"],"jetpack_sharing_enabled":true,"jetpack_featured_media_url":"","_links":{"self":[{"href":"https:\/\/www.oparanews.com.br\/index.php\/wp-json\/wp\/v2\/posts\/12643","targetHints":{"allow":["GET"]}}],"collection":[{"href":"https:\/\/www.oparanews.com.br\/index.php\/wp-json\/wp\/v2\/posts"}],"about":[{"href":"https:\/\/www.oparanews.com.br\/index.php\/wp-json\/wp\/v2\/types\/post"}],"author":[{"embeddable":true,"href":"https:\/\/www.oparanews.com.br\/index.php\/wp-json\/wp\/v2\/users\/1"}],"replies":[{"embeddable":true,"href":"https:\/\/www.oparanews.com.br\/index.php\/wp-json\/wp\/v2\/comments?post=12643"}],"version-history":[{"count":0,"href":"https:\/\/www.oparanews.com.br\/index.php\/wp-json\/wp\/v2\/posts\/12643\/revisions"}],"wp:attachment":[{"href":"https:\/\/www.oparanews.com.br\/index.php\/wp-json\/wp\/v2\/media?parent=12643"}],"wp:term":[{"taxonomy":"category","embeddable":true,"href":"https:\/\/www.oparanews.com.br\/index.php\/wp-json\/wp\/v2\/categories?post=12643"},{"taxonomy":"post_tag","embeddable":true,"href":"https:\/\/www.oparanews.com.br\/index.php\/wp-json\/wp\/v2\/tags?post=12643"}],"curies":[{"name":"wp","href":"https:\/\/api.w.org\/{rel}","templated":true}]}}