{"id":12648,"date":"2021-02-03T20:31:41","date_gmt":"2021-02-03T20:31:41","guid":{"rendered":"https:\/\/oparanews.com.br\/?p=12648"},"modified":"2021-02-03T20:31:41","modified_gmt":"2021-02-03T20:31:41","slug":"coleta-de-lixo-em-penedo-ganha-mais-um-veiculo","status":"publish","type":"post","link":"https:\/\/www.oparanews.com.br\/index.php\/2021\/02\/03\/coleta-de-lixo-em-penedo-ganha-mais-um-veiculo\/","title":{"rendered":"Coleta de lixo em Penedo ganha mais um ve\u00edculo"},"content":{"rendered":"<p>O recolhimento do lixo dom\u00e9stico das ruas da cidade e da zona rural de Penedo ganhou importante refor\u00e7o neste in\u00edcio de fevereiro.<\/p>\n<p>A partir desta ter\u00e7a-feira, 02, mais um caminh\u00e3o compactador foi integrado ao trabalho da Prefeitura de Penedo, realizado por meio da Secretaria Municipal de Servi\u00e7os P\u00fablicos (SEMSP).<\/p>\n<p>\u201cH\u00e1 dez anos que a coleta de lixo em Penedo era feita com tr\u00eas caminh\u00f5es compactadores, mas a popula\u00e7\u00e3o do munic\u00edpio cresceu e uma das consequ\u00eancias \u00e9 o aumento da produ\u00e7\u00e3o de lixo dom\u00e9stico, por isso que j\u00e1 era necess\u00e1rio ter mais um caminh\u00e3o na coleta\u201d, informa o Secret\u00e1rio Ivo Costa sobre o pedido que encaminhou ao Prefeito Ronaldo Lopes.<\/p>\n<p>Al\u00e9m de melhorar as condi\u00e7\u00f5es de trabalho para o pessoal que recolhe lixo e propiciar um melhor servi\u00e7o \u00e0 popula\u00e7\u00e3o, a Prefeitura de Penedo atua em outra frente relacionada ao descarte de material.<\/p>\n<p>Por meio da Secretaria Municipal de Meio Ambiente e Recursos H\u00eddricos (SEMARH), pessoas que trabalham ou t\u00eam interesse em atuar com reciclagem devem se cadastrar na pasta que vai orientar a forma\u00e7\u00e3o de uma cooperativa.<\/p>\n<p>Confira abaixo os documentos necess\u00e1rios para fazer o cadastro, local e hor\u00e1rio de funcionamento da SEMARH Penedo.<\/p>\n<p>&nbsp;<\/p>\n<p><strong>Fonte: Decom PMP<\/strong><\/p>\n<p>&nbsp;<\/p>\n","protected":false},"excerpt":{"rendered":"<p>O recolhimento do lixo dom\u00e9stico das ruas da cidade e da zona rural de Penedo ganhou importante refor\u00e7o neste in\u00edcio de fevereiro. A partir desta ter\u00e7a-feira, 02, mais um caminh\u00e3o compactador foi integrado ao trabalho da Prefeitura de Penedo, realizado por meio da Secretaria Municipal de Servi\u00e7os P\u00fablicos (SEMSP). \u201cH\u00e1 dez anos que a coleta &hellip;<\/p>\n","protected":false},"author":1,"featured_media":12649,"comment_status":"closed","ping_status":"closed","sticky":false,"template":"","format":"standard","meta":{"_jetpack_newsletter_access":"","_jetpack_dont_email_post_to_subs":false,"_jetpack_newsletter_tier_id":0,"_jetpack_memberships_contains_paywalled_content":false,"_jetpack_memberships_contains_paid_content":false,"footnotes":""},"categories":[1],"tags":[],"class_list":["post-12648","post","type-post","status-publish","format-standard","has-post-thumbnail","hentry","category-destaque"],"jetpack_sharing_enabled":true,"jetpack_featured_media_url":"","_links":{"self":[{"href":"https:\/\/www.oparanews.com.br\/index.php\/wp-json\/wp\/v2\/posts\/12648","targetHints":{"allow":["GET"]}}],"collection":[{"href":"https:\/\/www.oparanews.com.br\/index.php\/wp-json\/wp\/v2\/posts"}],"about":[{"href":"https:\/\/www.oparanews.com.br\/index.php\/wp-json\/wp\/v2\/types\/post"}],"author":[{"embeddable":true,"href":"https:\/\/www.oparanews.com.br\/index.php\/wp-json\/wp\/v2\/users\/1"}],"replies":[{"embeddable":true,"href":"https:\/\/www.oparanews.com.br\/index.php\/wp-json\/wp\/v2\/comments?post=12648"}],"version-history":[{"count":0,"href":"https:\/\/www.oparanews.com.br\/index.php\/wp-json\/wp\/v2\/posts\/12648\/revisions"}],"wp:attachment":[{"href":"https:\/\/www.oparanews.com.br\/index.php\/wp-json\/wp\/v2\/media?parent=12648"}],"wp:term":[{"taxonomy":"category","embeddable":true,"href":"https:\/\/www.oparanews.com.br\/index.php\/wp-json\/wp\/v2\/categories?post=12648"},{"taxonomy":"post_tag","embeddable":true,"href":"https:\/\/www.oparanews.com.br\/index.php\/wp-json\/wp\/v2\/tags?post=12648"}],"curies":[{"name":"wp","href":"https:\/\/api.w.org\/{rel}","templated":true}]}}